{"id":98992,"date":"2011-08-11T16:12:13","date_gmt":"2011-08-11T16:12:13","guid":{"rendered":"https:\/\/omeumaiorsonho.pt\/98992.html"},"modified":"2011-08-11T16:12:13","modified_gmt":"2011-08-11T16:12:13","slug":"fomos-todos-vacinados-lol","status":"publish","type":"post","link":"https:\/\/omeumaiorsonho.pt\/wp\/2011\/08\/11\/fomos-todos-vacinados-lol\/","title":{"rendered":"Fomos todos Vacinados lol"},"content":{"rendered":"<p><img decoding=\"async\" src=\"http:\/\/c7.quickcachr.fotos.sapo.pt\/i\/bc5019794\/6490051_Z6y1Y.gif\" alt=\"\" \/><\/p>\n<p><\/p>\n<p>\u00a0<\/p>\n<p><\/p>\n<p>Por esta n\u00e3o est\u00e1vamos \u00e0 espera fomos\u00a0 (eu e a minha m\u00e3e) com a No a levar a vacina dos 18 meses , ela portou se como uma mulherzinha nem chorou mas &#8230;. diz a enfermeira&#8230; a mam\u00e3 est\u00e1 vacinada&#8230;. ups &#8230;. falta a do t\u00e9tano\u00a0atrasada h\u00e1 10 anos &#8230;. ent\u00e3o vai levar j\u00e1 &#8230;. ainda piei mas n\u00e3o tive hip\u00f3teses\u00a0levei a e pronto.<\/p>\n<p><\/p>\n<p>Depois&#8230;. e a Av\u00f3 tem as vacinas em dia&#8230; outra vez ups&#8230;. t\u00e9tano\u00a0em atraso &#8230;. ela bem se desculpou mas tb a levou&#8230;<\/p>\n<p><\/p>\n<p>\u00a0<\/p>\n<p><\/p>\n<p>\u00a0<\/p>\n<p><\/p>\n<p>Sem querermos sa\u00edmos\u00a0de l\u00e1 as 3 com as vacinas em dia&#8230;<\/p>\n<p><\/p>\n<p>\u00a0<\/p>\n<p><\/p>\n<p>E esta hein !!!!<\/p>\n","protected":false},"excerpt":{"rendered":"<p>\u00a0 Por esta n\u00e3o est\u00e1vamos \u00e0 espera fomos\u00a0 (eu e a minha m\u00e3e) com a No a levar a vacina dos 18 meses , ela portou se como uma mulherzinha nem chorou mas &#8230;. diz a enfermeira&#8230; a mam\u00e3 est\u00e1 vacinada&#8230;. ups &#8230;. falta a do t\u00e9tano\u00a0atrasada h\u00e1 10 anos &#8230;. ent\u00e3o vai levar j\u00e1 &#8230;. ainda piei mas n\u00e3o tive hip\u00f3teses\u00a0levei a e pronto. Depois&#8230;. e a Av\u00f3 tem as vacinas em dia&#8230; outra vez ups&#8230;. t\u00e9tano\u00a0em atraso &#8230;. ela bem se desculpou mas tb a levou&#8230; \u00a0 \u00a0 Sem querermos sa\u00edmos\u00a0de l\u00e1 as 3 com as vacinas em dia&#8230; \u00a0 E esta hein !!!!<\/p>\n","protected":false},"author":1,"featured_media":0,"comment_status":"open","ping_status":"open","sticky":false,"template":"","format":"standard","meta":{"pagelayer_contact_templates":[],"_pagelayer_content":"","footnotes":""},"categories":[389],"tags":[],"class_list":["post-98992","post","type-post","status-publish","format-standard","hentry","category-vacinas"],"_links":{"self":[{"href":"https:\/\/omeumaiorsonho.pt\/wp\/wp-json\/wp\/v2\/posts\/98992","targetHints":{"allow":["GET"]}}],"collection":[{"href":"https:\/\/omeumaiorsonho.pt\/wp\/wp-json\/wp\/v2\/posts"}],"about":[{"href":"https:\/\/omeumaiorsonho.pt\/wp\/wp-json\/wp\/v2\/types\/post"}],"author":[{"embeddable":true,"href":"https:\/\/omeumaiorsonho.pt\/wp\/wp-json\/wp\/v2\/users\/1"}],"replies":[{"embeddable":true,"href":"https:\/\/omeumaiorsonho.pt\/wp\/wp-json\/wp\/v2\/comments?post=98992"}],"version-history":[{"count":0,"href":"https:\/\/omeumaiorsonho.pt\/wp\/wp-json\/wp\/v2\/posts\/98992\/revisions"}],"wp:attachment":[{"href":"https:\/\/omeumaiorsonho.pt\/wp\/wp-json\/wp\/v2\/media?parent=98992"}],"wp:term":[{"taxonomy":"category","embeddable":true,"href":"https:\/\/omeumaiorsonho.pt\/wp\/wp-json\/wp\/v2\/categories?post=98992"},{"taxonomy":"post_tag","embeddable":true,"href":"https:\/\/omeumaiorsonho.pt\/wp\/wp-json\/wp\/v2\/tags?post=98992"}],"curies":[{"name":"wp","href":"https:\/\/api.w.org\/{rel}","templated":true}]}}