{"id":915844,"date":"2023-04-07T14:38:00","date_gmt":"2023-04-07T14:38:00","guid":{"rendered":"https:\/\/omeumaiorsonho.pt\/915844.html"},"modified":"2023-04-07T14:38:00","modified_gmt":"2023-04-07T14:38:00","slug":"challenge-mes-de-marco","status":"publish","type":"post","link":"https:\/\/omeumaiorsonho.pt\/wp\/2023\/04\/07\/challenge-mes-de-marco\/","title":{"rendered":"Challenge &#8211; M\u00eas de Mar\u00e7o"},"content":{"rendered":"<p>#sabervestirsemconsumir<\/p>\n<p><\/p>\n<p>&#8211; Este desafio \u00e9 baseado numa sugest\u00e3o de look e atrav\u00e9s dessa sugest\u00e3o recriamos e adaptamos com as pe\u00e7as que temos no nosso roupeiro.<\/p>\n<p><\/p>\n<p>O look deste m\u00eas foi sugerido pela @sararaquelsc (ver ultima foto).<\/p>\n<p><\/p>\n<p class=\"sapomedia images\"><img loading=\"lazy\" decoding=\"async\" alt=\"20230407_142858_0000.png\" class=\"\" height=\"625\" src=\"https:\/\/fotos.web.sapo.io\/cloud\/thumb\/d031238d469bc9c5bc16e05ce247f725\/omeumaiorsonho\/2023\/20230407_142858_0000.png?size=l\" style=\"width: 625px; padding: 10px 10px;\" width=\"625\" \/><span><\/span><\/p>\n<p><\/p>\n<p class=\"sapomedia images\"><img loading=\"lazy\" decoding=\"async\" alt=\"20230407_142915_0000.png\" class=\"\" height=\"625\" src=\"https:\/\/fotos.web.sapo.io\/cloud\/thumb\/d031238d469bc9c5bc16e05ce247f725\/omeumaiorsonho\/2023\/20230407_142915_0000.png?size=l\" style=\"width: 625px; padding: 10px 10px;\" width=\"625\" \/><span><\/span><\/p>\n<p><\/p>\n<p class=\"sapomedia images\"><img loading=\"lazy\" decoding=\"async\" alt=\"20230407_142836_0000.png\" class=\"\" height=\"625\" src=\"https:\/\/fotos.web.sapo.io\/cloud\/thumb\/d031238d469bc9c5bc16e05ce247f725\/omeumaiorsonho\/2023\/20230407_142836_0000.png?size=l\" style=\"width: 625px; padding: 10px 10px;\" width=\"625\" \/><span><\/span><\/p>\n<p><\/p>\n<p class=\"sapomedia images\"><img loading=\"lazy\" decoding=\"async\" alt=\"20230407_143821_0000.png\" height=\"625\" src=\"https:\/\/fotos.web.sapo.io\/cloud\/thumb\/d031238d469bc9c5bc16e05ce247f725\/omeumaiorsonho\/2023\/20230407_143821_0000.png?size=l\" style=\"width: 625px; padding: 10px 10px;\" width=\"625\" \/><span><\/span><\/p>\n<p><\/p>\n<p>Um look super pr\u00e1tico e f\u00e1cil de recriar!<\/p>\n<p><\/p>\n<p><strong>Gostaram do resultado?<\/strong><\/p>\n<p><\/p>\n<p>\u00a0<\/p>\n<p><\/p>\n<p>Este desafio partiu da iniciativa da @sararaquelsc e para n\u00e3o perderem nada deste desafio sigam a conta @portugal_instainfluencers.<\/p>\n<p><\/p>\n<p>\u00a0<\/p>\n<p><\/p>\n<p><span style=\"font-size: 10pt;\"><strong>Podem-nos acompanhar tamb\u00e9m nas redes sociais\u00a0no\u00a0<a href=\"https:\/\/www.facebook.com\/O-meu-maior-sonho-555222591639114\/\" rel=\"noopener\">Facebook<\/a>\u00a0e\u00a0<a href=\"https:\/\/www.instagram.com\/omeumaiorsonho\/\" rel=\"noopener\">Instagram.<\/a><\/strong><\/span><\/p>\n","protected":false},"excerpt":{"rendered":"<p>#sabervestirsemconsumir &#8211; Este desafio \u00e9 baseado numa sugest\u00e3o de look e atrav\u00e9s dessa sugest\u00e3o recriamos e adaptamos com as pe\u00e7as que temos no nosso roupeiro. O look deste m\u00eas foi sugerido pela @sararaquelsc (ver ultima foto). Um look super pr\u00e1tico e f\u00e1cil de recriar! Gostaram do resultado? \u00a0 Este desafio partiu da iniciativa da @sararaquelsc e para n\u00e3o perderem nada deste desafio sigam a conta @portugal_instainfluencers. \u00a0 Podem-nos acompanhar tamb\u00e9m nas redes sociais\u00a0no\u00a0Facebook\u00a0e\u00a0Instagram.<\/p>\n","protected":false},"author":1,"featured_media":0,"comment_status":"open","ping_status":"open","sticky":false,"template":"","format":"standard","meta":{"pagelayer_contact_templates":[],"_pagelayer_content":"","footnotes":""},"categories":[303,589,507,304,323,269],"tags":[],"class_list":["post-915844","post","type-post","status-publish","format-standard","hentry","category-challenge","category-detalhes","category-look","category-marco","category-moda","category-mom-looks"],"_links":{"self":[{"href":"https:\/\/omeumaiorsonho.pt\/wp\/wp-json\/wp\/v2\/posts\/915844","targetHints":{"allow":["GET"]}}],"collection":[{"href":"https:\/\/omeumaiorsonho.pt\/wp\/wp-json\/wp\/v2\/posts"}],"about":[{"href":"https:\/\/omeumaiorsonho.pt\/wp\/wp-json\/wp\/v2\/types\/post"}],"author":[{"embeddable":true,"href":"https:\/\/omeumaiorsonho.pt\/wp\/wp-json\/wp\/v2\/users\/1"}],"replies":[{"embeddable":true,"href":"https:\/\/omeumaiorsonho.pt\/wp\/wp-json\/wp\/v2\/comments?post=915844"}],"version-history":[{"count":0,"href":"https:\/\/omeumaiorsonho.pt\/wp\/wp-json\/wp\/v2\/posts\/915844\/revisions"}],"wp:attachment":[{"href":"https:\/\/omeumaiorsonho.pt\/wp\/wp-json\/wp\/v2\/media?parent=915844"}],"wp:term":[{"taxonomy":"category","embeddable":true,"href":"https:\/\/omeumaiorsonho.pt\/wp\/wp-json\/wp\/v2\/categories?post=915844"},{"taxonomy":"post_tag","embeddable":true,"href":"https:\/\/omeumaiorsonho.pt\/wp\/wp-json\/wp\/v2\/tags?post=915844"}],"curies":[{"name":"wp","href":"https:\/\/api.w.org\/{rel}","templated":true}]}}