{"id":813594,"date":"2022-03-20T10:06:00","date_gmt":"2022-03-20T10:06:00","guid":{"rendered":"https:\/\/omeumaiorsonho.pt\/813594.html"},"modified":"2022-03-20T10:06:00","modified_gmt":"2022-03-20T10:06:00","slug":"chegou-a-primavera","status":"publish","type":"post","link":"https:\/\/omeumaiorsonho.pt\/wp\/2022\/03\/20\/chegou-a-primavera\/","title":{"rendered":"Chegou a Primavera!"},"content":{"rendered":"<p style=\"text-align: center;\">Diria que a Primavera passou a ser uma das minhas esta\u00e7\u00f5es favoritas!<\/p>\n<p><\/p>\n<p style=\"text-align: center;\">Os dias come\u00e7am a aquecer.. a hora muda&#8230; os dias ficam maiores&#8230;<\/p>\n<p><\/p>\n<p style=\"text-align: center;\">As flores come\u00e7am a florescer&#8230; os campos come\u00e7am-se a transformar&#8230;<\/p>\n<p><\/p>\n<p style=\"text-align: center;\">Paira sempre uma alegria no ar!<\/p>\n<p><\/p>\n<p class=\"sapomedia images\" style=\"text-align: center;\"><img loading=\"lazy\" decoding=\"async\" alt=\"0001-21727368220_20220320_095545_0000.png\" height=\"625\" src=\"https:\/\/fotos.web.sapo.io\/cloud\/thumb\/d031238d469bc9c5bc16e05ce247f725\/omeumaiorsonho\/2022\/0001-21727368220_20220320_095545_0000.png?size=l\" style=\"width: 625px; padding: 10px;\" width=\"768\" \/><span><\/span><\/p>\n<p><\/p>\n<p class=\"sapomedia images\" style=\"text-align: center;\">\u00a0<\/p>\n<p><\/p>\n<p style=\"text-align: center;\">&#8220;Nesta Primavera cultiva gentileza, planta amizades, semeie gratid\u00e3o e colhe muito amor&#8221;.<\/p>\n<p><\/p>\n<p style=\"text-align: center;\">\u00a0<\/p>\n<p><\/p>\n<p style=\"text-align: center;\"><span style=\"font-size: 10pt;\">Podem-nos acompanhar tamb\u00e9m nas redes sociais\u00a0no\u00a0<a href=\"https:\/\/www.facebook.com\/O-meu-maior-sonho-555222591639114\/\" rel=\"noopener\">Facebook<\/a>\u00a0e\u00a0<a href=\"https:\/\/www.instagram.com\/omeumaiorsonho\/\" rel=\"noopener\">Instagram<\/a>.<\/span><\/p>\n","protected":false},"excerpt":{"rendered":"<p>Diria que a Primavera passou a ser uma das minhas esta\u00e7\u00f5es favoritas! Os dias come\u00e7am a aquecer.. a hora muda&#8230; os dias ficam maiores&#8230; As flores come\u00e7am a florescer&#8230; os campos come\u00e7am-se a transformar&#8230; Paira sempre uma alegria no ar! \u00a0 &#8220;Nesta Primavera cultiva gentileza, planta amizades, semeie gratid\u00e3o e colhe muito amor&#8221;. \u00a0 Podem-nos acompanhar tamb\u00e9m nas redes sociais\u00a0no\u00a0Facebook\u00a0e\u00a0Instagram.<\/p>\n","protected":false},"author":1,"featured_media":0,"comment_status":"open","ping_status":"open","sticky":false,"template":"","format":"standard","meta":{"pagelayer_contact_templates":[],"_pagelayer_content":"","footnotes":""},"categories":[354,15,304,478,356],"tags":[],"class_list":["post-813594","post","type-post","status-publish","format-standard","hentry","category-354","category-familia","category-marco","category-natureza","category-primavera"],"_links":{"self":[{"href":"https:\/\/omeumaiorsonho.pt\/wp\/wp-json\/wp\/v2\/posts\/813594","targetHints":{"allow":["GET"]}}],"collection":[{"href":"https:\/\/omeumaiorsonho.pt\/wp\/wp-json\/wp\/v2\/posts"}],"about":[{"href":"https:\/\/omeumaiorsonho.pt\/wp\/wp-json\/wp\/v2\/types\/post"}],"author":[{"embeddable":true,"href":"https:\/\/omeumaiorsonho.pt\/wp\/wp-json\/wp\/v2\/users\/1"}],"replies":[{"embeddable":true,"href":"https:\/\/omeumaiorsonho.pt\/wp\/wp-json\/wp\/v2\/comments?post=813594"}],"version-history":[{"count":0,"href":"https:\/\/omeumaiorsonho.pt\/wp\/wp-json\/wp\/v2\/posts\/813594\/revisions"}],"wp:attachment":[{"href":"https:\/\/omeumaiorsonho.pt\/wp\/wp-json\/wp\/v2\/media?parent=813594"}],"wp:term":[{"taxonomy":"category","embeddable":true,"href":"https:\/\/omeumaiorsonho.pt\/wp\/wp-json\/wp\/v2\/categories?post=813594"},{"taxonomy":"post_tag","embeddable":true,"href":"https:\/\/omeumaiorsonho.pt\/wp\/wp-json\/wp\/v2\/tags?post=813594"}],"curies":[{"name":"wp","href":"https:\/\/api.w.org\/{rel}","templated":true}]}}