{"id":730769,"date":"2021-06-01T13:29:00","date_gmt":"2021-06-01T13:29:00","guid":{"rendered":"https:\/\/omeumaiorsonho.pt\/730769.html"},"modified":"2021-06-01T13:29:00","modified_gmt":"2021-06-01T13:29:00","slug":"dia-da-crianca-2021","status":"publish","type":"post","link":"https:\/\/omeumaiorsonho.pt\/wp\/2021\/06\/01\/dia-da-crianca-2021\/","title":{"rendered":"Dia da Crian\u00e7a 2021"},"content":{"rendered":"<p style=\"text-align: center;\">As crian\u00e7as s\u00e3o puras&#8230;<\/p>\n<p><\/p>\n<p style=\"text-align: center;\">As crian\u00e7as s\u00e3o genu\u00ednas&#8230;<\/p>\n<p><\/p>\n<p style=\"text-align: center;\">As crian\u00e7as s\u00e3o alegria&#8230;<\/p>\n<p><\/p>\n<p style=\"text-align: center;\">As crian\u00e7as s\u00e3o leveza&#8230;<\/p>\n<p><\/p>\n<p style=\"text-align: center;\">\u00a0<\/p>\n<p><\/p>\n<p class=\"sapomedia images\" style=\"text-align: center;\"><img loading=\"lazy\" decoding=\"async\" style=\"width: 625px; padding: 10px;\" title=\"Dia da Crian\u00e7a 2021.jpg\" src=\"https:\/\/fotos.web.sapo.io\/cloud\/thumb\/d031238d469bc9c5bc16e05ce247f725\/omeumaiorsonho\/2021\/Dia da Crian\u00e7a 2021.jpg?size=l\" alt=\"Dia da Crian\u00e7a 2021.jpg\" width=\"768\" height=\"625\" \/><\/p>\n<p><\/p>\n<p style=\"text-align: center;\">\u00a0<\/p>\n<p><\/p>\n<p style=\"text-align: center;\"><strong>Ser crian\u00e7a \u00e9 brincar, sujar, gritar, acreditar, correr, descobrir, sonhar, amar e ser muito FELIZ!<\/strong><\/p>\n<p><\/p>\n<p style=\"text-align: center;\">\u00a0<\/p>\n<p><\/p>\n<p style=\"text-align: center;\"><span style=\"font-size: 10pt;\"><strong>Podem-nos acompanhar tamb\u00e9m nas redes sociais\u00a0no\u00a0<a href=\"https:\/\/www.facebook.com\/O-meu-maior-sonho-555222591639114\/\" rel=\"noopener\">Facebook<\/a>\u00a0e\u00a0<a href=\"https:\/\/www.instagram.com\/omeumaiorsonho\/\" rel=\"noopener\">Instagram<\/a>.<\/strong><\/span><\/p>\n<p><\/p>\n<p>\u00a0<\/p>\n","protected":false},"excerpt":{"rendered":"<p>As crian\u00e7as s\u00e3o puras&#8230; As crian\u00e7as s\u00e3o genu\u00ednas&#8230; As crian\u00e7as s\u00e3o alegria&#8230; As crian\u00e7as s\u00e3o leveza&#8230; \u00a0 \u00a0 Ser crian\u00e7a \u00e9 brincar, sujar, gritar, acreditar, correr, descobrir, sonhar, amar e ser muito FELIZ! \u00a0 Podem-nos acompanhar tamb\u00e9m nas redes sociais\u00a0no\u00a0Facebook\u00a0e\u00a0Instagram. \u00a0<\/p>\n","protected":false},"author":1,"featured_media":0,"comment_status":"open","ping_status":"open","sticky":false,"template":"","format":"standard","meta":{"pagelayer_contact_templates":[],"_pagelayer_content":"","footnotes":""},"categories":[273,591,122,310],"tags":[],"class_list":["post-730769","post","type-post","status-publish","format-standard","hentry","category-273","category-criancas","category-dia-da-crianca","category-felicidade"],"_links":{"self":[{"href":"https:\/\/omeumaiorsonho.pt\/wp\/wp-json\/wp\/v2\/posts\/730769","targetHints":{"allow":["GET"]}}],"collection":[{"href":"https:\/\/omeumaiorsonho.pt\/wp\/wp-json\/wp\/v2\/posts"}],"about":[{"href":"https:\/\/omeumaiorsonho.pt\/wp\/wp-json\/wp\/v2\/types\/post"}],"author":[{"embeddable":true,"href":"https:\/\/omeumaiorsonho.pt\/wp\/wp-json\/wp\/v2\/users\/1"}],"replies":[{"embeddable":true,"href":"https:\/\/omeumaiorsonho.pt\/wp\/wp-json\/wp\/v2\/comments?post=730769"}],"version-history":[{"count":0,"href":"https:\/\/omeumaiorsonho.pt\/wp\/wp-json\/wp\/v2\/posts\/730769\/revisions"}],"wp:attachment":[{"href":"https:\/\/omeumaiorsonho.pt\/wp\/wp-json\/wp\/v2\/media?parent=730769"}],"wp:term":[{"taxonomy":"category","embeddable":true,"href":"https:\/\/omeumaiorsonho.pt\/wp\/wp-json\/wp\/v2\/categories?post=730769"},{"taxonomy":"post_tag","embeddable":true,"href":"https:\/\/omeumaiorsonho.pt\/wp\/wp-json\/wp\/v2\/tags?post=730769"}],"curies":[{"name":"wp","href":"https:\/\/api.w.org\/{rel}","templated":true}]}}