{"id":719871,"date":"2021-05-12T14:37:00","date_gmt":"2021-05-12T14:37:00","guid":{"rendered":"https:\/\/omeumaiorsonho.pt\/719871.html"},"modified":"2021-05-12T14:37:00","modified_gmt":"2021-05-12T14:37:00","slug":"a-escolha-dos-nomes","status":"publish","type":"post","link":"https:\/\/omeumaiorsonho.pt\/wp\/2021\/05\/12\/a-escolha-dos-nomes\/","title":{"rendered":"A escolha dos nomes!"},"content":{"rendered":"<p style=\"text-align: center;\"><strong>Como escolheram os nomes dos vossos filhos?<\/strong><\/p>\n<p><\/p>\n<p style=\"text-align: center;\">\u00a0<\/p>\n<p><\/p>\n<p class=\"sapomedia images\"><img loading=\"lazy\" decoding=\"async\" style=\"width: 625px; padding: 10px; display: block; margin-left: auto; margin-right: auto;\" title=\"A escolha dos nomes (1).jpg\" src=\"https:\/\/fotos.web.sapo.io\/cloud\/thumb\/d031238d469bc9c5bc16e05ce247f725\/omeumaiorsonho\/2021\/A escolha dos nomes (1).jpg?size=l\" alt=\"A escolha dos nomes (1).jpg\" width=\"768\" height=\"625\" \/><\/p>\n<p><\/p>\n<p class=\"sapomedia images\">\u00a0<\/p>\n<p><\/p>\n<p style=\"text-align: center;\">Eu desde mi\u00fada, que queria ter uma <strong>Leonor<\/strong>, ainda o nome n\u00e3o era t\u00e3o conhecido e eu j\u00e1 sabia que queria ter uma.<\/p>\n<p><\/p>\n<p style=\"text-align: center;\"><strong>Sabem aqueles nomes que nos ficam logo no ouvido?<\/strong><\/p>\n<p><\/p>\n<p style=\"text-align: center;\">O Jo\u00e3o j\u00e1 sabia que se algum dia tiv\u00e9ssemos\u00a0uma menina se ia chamar assim e tamb\u00e9m gostou.<\/p>\n<p><\/p>\n<p style=\"text-align: center;\">N\u00e3o houve nunca d\u00favidas nem indecis\u00f5es.<\/p>\n<p><\/p>\n<p style=\"text-align: center;\">\u00a0<\/p>\n<p><\/p>\n<p style=\"text-align: center;\">Na segunda\u00a0gravidez quando soube que ia ter um menino o caso complicou-se, n\u00e3o havia nenhum nome que eu amasse, gostava muito de Tiago mas j\u00e1 tinha um sobrinho. Ent\u00e3o\u00a0a escolha demorou a ser feita.<\/p>\n<p><\/p>\n<p style=\"text-align: center;\">At\u00e9 que o nome de <strong>Louren\u00e7o\u00a0<\/strong>nos entrou no ouvido e ach\u00e1mos giro os dois nomes come\u00e7arem pela letra <strong>L<\/strong>.<\/p>\n<p><\/p>\n<p style=\"text-align: center;\">\u00a0<\/p>\n<p><\/p>\n<p style=\"text-align: center;\">Ficou assim,\u00a0<strong>Leonor &amp; Louren\u00e7o<\/strong> os nomes dos meus filhos!<\/p>\n<p><\/p>\n<p style=\"text-align: center;\">\u00a0<\/p>\n<p><\/p>\n<p style=\"text-align: center;\"><strong>Por ai como foi a escolha?<\/strong><\/p>\n<p><\/p>\n<p style=\"text-align: center;\"><strong>Foi dif\u00edcil\u00a0ou j\u00e1 tinham algum nome em mente?<\/strong><\/p>\n<p><\/p>\n<p style=\"text-align: center;\">\u00a0<\/p>\n<p><\/p>\n<p style=\"text-align: center;\"><span style=\"font-size: 10pt;\"><strong>Podem-nos acompanhar tamb\u00e9m nas redes sociais\u00a0no\u00a0<a href=\"https:\/\/www.facebook.com\/O-meu-maior-sonho-555222591639114\/\" rel=\"noopener\">Facebook<\/a>\u00a0e\u00a0<a href=\"https:\/\/www.instagram.com\/omeumaiorsonho\/\" rel=\"noopener\">Instagram<\/a>.<\/strong><\/span><\/p>\n","protected":false},"excerpt":{"rendered":"<p>Como escolheram os nomes dos vossos filhos? \u00a0 \u00a0 Eu desde mi\u00fada, que queria ter uma Leonor, ainda o nome n\u00e3o era t\u00e3o conhecido e eu j\u00e1 sabia que queria ter uma. Sabem aqueles nomes que nos ficam logo no ouvido? O Jo\u00e3o j\u00e1 sabia que se algum dia tiv\u00e9ssemos\u00a0uma menina se ia chamar assim e tamb\u00e9m gostou. N\u00e3o houve nunca d\u00favidas nem indecis\u00f5es. \u00a0 Na segunda\u00a0gravidez quando soube que ia ter um menino o caso complicou-se, n\u00e3o havia nenhum nome que eu amasse, gostava muito de Tiago mas j\u00e1 tinha um sobrinho. Ent\u00e3o\u00a0a escolha demorou a ser feita. At\u00e9 que o nome de Louren\u00e7o\u00a0nos entrou no ouvido e ach\u00e1mos giro os dois nomes come\u00e7arem pela letra L. \u00a0 Ficou assim,\u00a0Leonor &amp; Louren\u00e7o os nomes dos meus filhos! \u00a0 Por ai como foi a escolha? Foi dif\u00edcil\u00a0ou j\u00e1 tinham algum nome em mente? \u00a0 Podem-nos acompanhar tamb\u00e9m nas redes sociais\u00a0no\u00a0Facebook\u00a0e\u00a0Instagram.<\/p>\n","protected":false},"author":1,"featured_media":0,"comment_status":"open","ping_status":"open","sticky":false,"template":"","format":"standard","meta":{"pagelayer_contact_templates":[],"_pagelayer_content":"","footnotes":""},"categories":[602,157,544,175],"tags":[],"class_list":["post-719871","post","type-post","status-publish","format-standard","hentry","category-filhos","category-leonor","category-lourenco","category-nomes"],"_links":{"self":[{"href":"https:\/\/omeumaiorsonho.pt\/wp\/wp-json\/wp\/v2\/posts\/719871","targetHints":{"allow":["GET"]}}],"collection":[{"href":"https:\/\/omeumaiorsonho.pt\/wp\/wp-json\/wp\/v2\/posts"}],"about":[{"href":"https:\/\/omeumaiorsonho.pt\/wp\/wp-json\/wp\/v2\/types\/post"}],"author":[{"embeddable":true,"href":"https:\/\/omeumaiorsonho.pt\/wp\/wp-json\/wp\/v2\/users\/1"}],"replies":[{"embeddable":true,"href":"https:\/\/omeumaiorsonho.pt\/wp\/wp-json\/wp\/v2\/comments?post=719871"}],"version-history":[{"count":0,"href":"https:\/\/omeumaiorsonho.pt\/wp\/wp-json\/wp\/v2\/posts\/719871\/revisions"}],"wp:attachment":[{"href":"https:\/\/omeumaiorsonho.pt\/wp\/wp-json\/wp\/v2\/media?parent=719871"}],"wp:term":[{"taxonomy":"category","embeddable":true,"href":"https:\/\/omeumaiorsonho.pt\/wp\/wp-json\/wp\/v2\/categories?post=719871"},{"taxonomy":"post_tag","embeddable":true,"href":"https:\/\/omeumaiorsonho.pt\/wp\/wp-json\/wp\/v2\/tags?post=719871"}],"curies":[{"name":"wp","href":"https:\/\/api.w.org\/{rel}","templated":true}]}}