{"id":62821,"date":"2010-10-04T14:45:35","date_gmt":"2010-10-04T14:45:35","guid":{"rendered":"https:\/\/omeumaiorsonho.pt\/62821.html"},"modified":"2010-10-04T14:45:35","modified_gmt":"2010-10-04T14:45:35","slug":"7-meses-de-leonor-ja-tenho-8-mesinhos","status":"publish","type":"post","link":"https:\/\/omeumaiorsonho.pt\/wp\/2010\/10\/04\/7-meses-de-leonor-ja-tenho-8-mesinhos\/","title":{"rendered":"7 Meses de Leonor, J\u00e1 tenho 8 Mesinhos ;))))"},"content":{"rendered":"<p>Este m\u00eas foi uma angustia pois foi quando a minha filhota deixou de comer;( apanhou otite e faringite tadinha mas agora as coisas j\u00e1 se recomporam e est\u00e1 bem melhor \ud83d\ude09<\/p>\n<p><\/p>\n<p>\u00a0<\/p>\n<p><\/p>\n<p>Anda mais traquinas do que nunca, \u00e9 simplesmente terr\u00edvel.<\/p>\n<p><\/p>\n<p>J\u00e1 sabe quando faz mal e isso d\u00e1 lhe imensa gra\u00e7a;<\/p>\n<p><\/p>\n<p>Aprendeu\u00a0a fazer adeus e agora n\u00e3o quer outra coisa \ud83d\ude09<\/p>\n<p><\/p>\n<p>Tenta falar mas esta dif\u00edcil\u00a0sair a 1\u00aapalavrinha;<\/p>\n<p><\/p>\n<p>Baba se tanto que encharca o babete e a roupa;<\/p>\n<p><\/p>\n<p>Continua a ser uma barrasquinha a papar \ud83d\ude09<\/p>\n<p><\/p>\n<p>Est\u00e1 linda mod\u00e9stia\u00a0\u00e0\u00a0parte;<\/p>\n<p><\/p>\n<p>T\u00cam uma carinha de sem vergonha;<\/p>\n<p><\/p>\n<p>Anda na aranha e apanha tudo o que est\u00e1 ao alcance dela;<\/p>\n<p><\/p>\n<p>Quando v\u00ea algu\u00e9m\u00a0de ti d\u00e1 logo os bracinhos para a apanharem;<\/p>\n<p><\/p>\n<p>Anda dif\u00edcil\u00a0para dormir;<\/p>\n<p><\/p>\n<p>Chora durante a noite;<\/p>\n<p><\/p>\n<p>Anda super mimosa;<\/p>\n<p><\/p>\n<p>Quer \u00e9 colinho;<\/p>\n<p><\/p>\n<p>Faz birrar que \u00e1s vezes parecem n\u00e3o ter fim&#8230;<\/p>\n<p><\/p>\n<p>\u00a0<\/p>\n<p><\/p>\n<p>Bem numa s\u00f3 palavra Amo teeeeeeeeeeeeeeeeeeeeee<\/p>\n<p><\/p>\n<p>\u00a0<\/p>\n<p><\/p>\n<p><a class=\"saportelink\" href=\"http:\/\/fotos.sapo.pt\/U4so4ezBBnZZWoBa6CUj\"><img decoding=\"async\" style=\"border: 0 none;\" src=\"http:\/\/c6.quickcachr.fotos.sapo.pt\/i\/ba405d174\/7283640_d4znO.jpeg\" alt=\"\" \/><\/a><\/p>\n<p><\/p>\n<p>\u00a0<\/p>\n<p><\/p>\n<p><a class=\"saportelink\" href=\"http:\/\/fotos.sapo.pt\/ctqZJCZjAVgO09vCkWzr\"><img decoding=\"async\" style=\"border: 0 none;\" src=\"http:\/\/c3.quickcachr.fotos.sapo.pt\/i\/b1f05fdf0\/7283663_89Tjc.jpeg\" alt=\"\" \/><\/a><\/p>\n<p><\/p>\n<p>\u00a0<\/p>\n<p><\/p>\n<p>\u00a0<\/p>\n<p><\/p>\n<p><a class=\"saportelink\" href=\"http:\/\/fotos.sapo.pt\/G9NSm0TER8UIMzf5VCYD\"><img decoding=\"async\" style=\"border: 0 none;\" src=\"http:\/\/c8.quickcachr.fotos.sapo.pt\/i\/b4b05f6f1\/7283680_HFaRS.jpeg\" alt=\"\" \/><\/a><\/p>\n<p><\/p>\n<p>\u00a0<\/p>\n","protected":false},"excerpt":{"rendered":"<p>Este m\u00eas foi uma angustia pois foi quando a minha filhota deixou de comer;( apanhou otite e faringite tadinha mas agora as coisas j\u00e1 se recomporam e est\u00e1 bem melhor \ud83d\ude09 \u00a0 Anda mais traquinas do que nunca, \u00e9 simplesmente terr\u00edvel. J\u00e1 sabe quando faz mal e isso d\u00e1 lhe imensa gra\u00e7a; Aprendeu\u00a0a fazer adeus e agora n\u00e3o quer outra coisa \ud83d\ude09 Tenta falar mas esta dif\u00edcil\u00a0sair a 1\u00aapalavrinha; Baba se tanto que encharca o babete e a roupa; Continua a ser uma barrasquinha a papar \ud83d\ude09 Est\u00e1 linda mod\u00e9stia\u00a0\u00e0\u00a0parte; T\u00cam uma carinha de sem vergonha; Anda na aranha e apanha tudo o que est\u00e1 ao alcance dela; Quando v\u00ea algu\u00e9m\u00a0de ti d\u00e1 logo os bracinhos para a apanharem; Anda dif\u00edcil\u00a0para dormir; Chora durante a noite; Anda super mimosa; Quer \u00e9 colinho; Faz birrar que \u00e1s vezes parecem n\u00e3o ter fim&#8230; \u00a0 Bem numa s\u00f3 palavra Amo teeeeeeeeeeeeeeeeeeeeee \u00a0 \u00a0 \u00a0 \u00a0 \u00a0<\/p>\n","protected":false},"author":1,"featured_media":0,"comment_status":"open","ping_status":"open","sticky":false,"template":"","format":"standard","meta":{"pagelayer_contact_templates":[],"_pagelayer_content":"","footnotes":""},"categories":[606],"tags":[],"class_list":["post-62821","post","type-post","status-publish","format-standard","hentry","category-gravidez"],"_links":{"self":[{"href":"https:\/\/omeumaiorsonho.pt\/wp\/wp-json\/wp\/v2\/posts\/62821","targetHints":{"allow":["GET"]}}],"collection":[{"href":"https:\/\/omeumaiorsonho.pt\/wp\/wp-json\/wp\/v2\/posts"}],"about":[{"href":"https:\/\/omeumaiorsonho.pt\/wp\/wp-json\/wp\/v2\/types\/post"}],"author":[{"embeddable":true,"href":"https:\/\/omeumaiorsonho.pt\/wp\/wp-json\/wp\/v2\/users\/1"}],"replies":[{"embeddable":true,"href":"https:\/\/omeumaiorsonho.pt\/wp\/wp-json\/wp\/v2\/comments?post=62821"}],"version-history":[{"count":0,"href":"https:\/\/omeumaiorsonho.pt\/wp\/wp-json\/wp\/v2\/posts\/62821\/revisions"}],"wp:attachment":[{"href":"https:\/\/omeumaiorsonho.pt\/wp\/wp-json\/wp\/v2\/media?parent=62821"}],"wp:term":[{"taxonomy":"category","embeddable":true,"href":"https:\/\/omeumaiorsonho.pt\/wp\/wp-json\/wp\/v2\/categories?post=62821"},{"taxonomy":"post_tag","embeddable":true,"href":"https:\/\/omeumaiorsonho.pt\/wp\/wp-json\/wp\/v2\/tags?post=62821"}],"curies":[{"name":"wp","href":"https:\/\/api.w.org\/{rel}","templated":true}]}}