{"id":59832,"date":"2010-09-04T16:00:49","date_gmt":"2010-09-04T16:00:49","guid":{"rendered":"https:\/\/omeumaiorsonho.pt\/59832.html"},"modified":"2010-09-04T16:00:49","modified_gmt":"2010-09-04T16:00:49","slug":"nao-quer-comer","status":"publish","type":"post","link":"https:\/\/omeumaiorsonho.pt\/wp\/2010\/09\/04\/nao-quer-comer\/","title":{"rendered":"N\u00e3o quer comer ;("},"content":{"rendered":"<p>A minha filha anda numa fase terr\u00edvel\u00a0simplesmente terr\u00edvel&#8230;<\/p>\n<p><\/p>\n<p>\u00a0<\/p>\n<p><\/p>\n<p>N\u00e3o quer dormir nem comer&#8230;<\/p>\n<p><\/p>\n<p>\u00a0<\/p>\n<p><\/p>\n<p>Ai que desespero&#8230;<\/p>\n<p><\/p>\n<p>Come\u00e7ou a comer mal a fruta at\u00e9 que a come\u00e7ou a vomitar, experimentei\u00a0todo o tipo de fruta e nenhuma resultou dava lhe mesmo v\u00f3mitos\u00a0ate que desisti.<\/p>\n<p><\/p>\n<p>\u00a0<\/p>\n<p><\/p>\n<p>A sopa que tanto adorava come\u00e7ou a comer menos ate que agora ficasse por 2 ou 3 colheres fecha a boca e n\u00e3o entra l\u00e1 nadinha.<\/p>\n<p><\/p>\n<p>\u00a0<\/p>\n<p><\/p>\n<p>A papa come\u00e7ou ao principio a comer melhor a de gluten mas tb j\u00e1 n\u00e3o a quer.<\/p>\n<p><\/p>\n<p>\u00a0<\/p>\n<p><\/p>\n<p>O leite \u00e9 o que bebe melhor mas tb pouquinho aiaiaai esta menina da me cabo da cabe\u00e7a<\/p>\n<p><\/p>\n<p>.<\/p>\n<p><\/p>\n<p>Fazemos mil e uma macacadas para ela comer mas a magana n\u00e3o abre a boca.<\/p>\n<p><\/p>\n<p>\u00a0<\/p>\n<p><\/p>\n<p>Liguei ao pediatra ele diz que s\u00e3o fases mas ela j\u00e1 t\u00eam esta fase h\u00e1\u00a0tanto tempo poxa n\u00e3o ser\u00e1 normal ;(<\/p>\n<p><\/p>\n<p>\u00a0<\/p>\n<p><\/p>\n<p>Enfim aguardo melhores dias ou ent\u00e3o tenho mesmo que marcar uma consulta<\/p>\n","protected":false},"excerpt":{"rendered":"<p>A minha filha anda numa fase terr\u00edvel\u00a0simplesmente terr\u00edvel&#8230; \u00a0 N\u00e3o quer dormir nem comer&#8230; \u00a0 Ai que desespero&#8230; Come\u00e7ou a comer mal a fruta at\u00e9 que a come\u00e7ou a vomitar, experimentei\u00a0todo o tipo de fruta e nenhuma resultou dava lhe mesmo v\u00f3mitos\u00a0ate que desisti. \u00a0 A sopa que tanto adorava come\u00e7ou a comer menos ate que agora ficasse por 2 ou 3 colheres fecha a boca e n\u00e3o entra l\u00e1 nadinha. \u00a0 A papa come\u00e7ou ao principio a comer melhor a de gluten mas tb j\u00e1 n\u00e3o a quer. \u00a0 O leite \u00e9 o que bebe melhor mas tb pouquinho aiaiaai esta menina da me cabo da cabe\u00e7a . Fazemos mil e uma macacadas para ela comer mas a magana n\u00e3o abre a boca. \u00a0 Liguei ao pediatra ele diz que s\u00e3o fases mas ela j\u00e1 t\u00eam esta fase h\u00e1\u00a0tanto tempo poxa n\u00e3o ser\u00e1 normal ;( \u00a0 Enfim aguardo melhores dias ou ent\u00e3o tenho mesmo que marcar uma consulta<\/p>\n","protected":false},"author":1,"featured_media":0,"comment_status":"open","ping_status":"open","sticky":false,"template":"","format":"standard","meta":{"pagelayer_contact_templates":[],"_pagelayer_content":"","footnotes":""},"categories":[453],"tags":[],"class_list":["post-59832","post","type-post","status-publish","format-standard","hentry","category-culinaria"],"_links":{"self":[{"href":"https:\/\/omeumaiorsonho.pt\/wp\/wp-json\/wp\/v2\/posts\/59832","targetHints":{"allow":["GET"]}}],"collection":[{"href":"https:\/\/omeumaiorsonho.pt\/wp\/wp-json\/wp\/v2\/posts"}],"about":[{"href":"https:\/\/omeumaiorsonho.pt\/wp\/wp-json\/wp\/v2\/types\/post"}],"author":[{"embeddable":true,"href":"https:\/\/omeumaiorsonho.pt\/wp\/wp-json\/wp\/v2\/users\/1"}],"replies":[{"embeddable":true,"href":"https:\/\/omeumaiorsonho.pt\/wp\/wp-json\/wp\/v2\/comments?post=59832"}],"version-history":[{"count":0,"href":"https:\/\/omeumaiorsonho.pt\/wp\/wp-json\/wp\/v2\/posts\/59832\/revisions"}],"wp:attachment":[{"href":"https:\/\/omeumaiorsonho.pt\/wp\/wp-json\/wp\/v2\/media?parent=59832"}],"wp:term":[{"taxonomy":"category","embeddable":true,"href":"https:\/\/omeumaiorsonho.pt\/wp\/wp-json\/wp\/v2\/categories?post=59832"},{"taxonomy":"post_tag","embeddable":true,"href":"https:\/\/omeumaiorsonho.pt\/wp\/wp-json\/wp\/v2\/tags?post=59832"}],"curies":[{"name":"wp","href":"https:\/\/api.w.org\/{rel}","templated":true}]}}