{"id":581679,"date":"2019-07-09T14:50:00","date_gmt":"2019-07-09T14:50:00","guid":{"rendered":"https:\/\/omeumaiorsonho.pt\/581679.html"},"modified":"2019-07-09T14:50:00","modified_gmt":"2019-07-09T14:50:00","slug":"ele-e-os-seus-trabalhos","status":"publish","type":"post","link":"https:\/\/omeumaiorsonho.pt\/wp\/2019\/07\/09\/ele-e-os-seus-trabalhos\/","title":{"rendered":"Ele e os seus trabalhos &#8230;"},"content":{"rendered":"<p style=\"text-align: center;\">No dia das <strong>avalia\u00e7\u00f5es escolares<\/strong> foi entregue\u00a0os trabalhos feitos durante o ano lectivo<\/p>\n<p><\/p>\n<p style=\"text-align: center;\">\u00a0<\/p>\n<p><\/p>\n<p style=\"text-align: center;\">O <span style=\"color: #008080;\">Louren\u00e7o<\/span> veio com as pastinhas dele todo orgulhoso e com muita vontade que eu as visse!<\/p>\n<p><\/p>\n<p style=\"text-align: center;\">\u00a0<\/p>\n<p><\/p>\n<p class=\"sapomedia images\" style=\"text-align: center;\"><img loading=\"lazy\" decoding=\"async\" style=\"width: 540px; padding: 10px 10px;\" title=\"IMG_20190709_144137.jpg\" src=\"https:\/\/fotos.web.sapo.io\/cloud\/thumb\/d031238d469bc9c5bc16e05ce247f725\/omeumaiorsonho\/2019\/IMG_20190709_144137.jpg?size=l\" alt=\"IMG_20190709_144137.jpg\" width=\"540\" height=\"720\" \/><\/p>\n<p><\/p>\n<p style=\"text-align: center;\">\u00a0<\/p>\n<p><\/p>\n<p style=\"text-align: center;\">\u00a0<\/p>\n<p><\/p>\n<p style=\"text-align: center;\"><strong>Assim que viemos das f\u00e9rias umas das primeiras coisas que fui fazer foi ver os trabalhinhos dele<\/strong>, ele ao contr\u00e1rio da Leonor\u00a0\u00e9 super organizado com os seus trabalhos e mais&#8230; muito perfeccionista com o que faz!<\/p>\n<p><\/p>\n<p style=\"text-align: center;\">\u00a0<\/p>\n<p><\/p>\n<p style=\"text-align: center;\">\u00a0<\/p>\n<p><\/p>\n<p class=\"sapomedia images\" style=\"text-align: center;\"><img loading=\"lazy\" decoding=\"async\" style=\"width: 960px; padding: 10px 10px;\" title=\"IMG_20190709_144233.jpg\" src=\"https:\/\/fotos.web.sapo.io\/cloud\/thumb\/d031238d469bc9c5bc16e05ce247f725\/omeumaiorsonho\/2019\/IMG_20190709_144233.jpg?size=l\" alt=\"IMG_20190709_144233.jpg\" width=\"960\" height=\"720\" \/><\/p>\n<p><\/p>\n<p class=\"sapomedia images\" style=\"text-align: center;\"><img loading=\"lazy\" decoding=\"async\" style=\"width: 540px; padding: 10px 10px;\" title=\"IMG_20190709_144202.jpg\" src=\"https:\/\/fotos.web.sapo.io\/cloud\/thumb\/d031238d469bc9c5bc16e05ce247f725\/omeumaiorsonho\/2019\/IMG_20190709_144202.jpg?size=l\" alt=\"IMG_20190709_144202.jpg\" width=\"540\" height=\"720\" \/><\/p>\n<p><\/p>\n<p style=\"text-align: center;\">\u00a0<\/p>\n<p><\/p>\n<p style=\"text-align: center;\">\u00a0<\/p>\n<p><\/p>\n<p style=\"text-align: center;\">Diz a professora que enquanto n\u00e3o termina as suas tarefas nada o distrai! <span style=\"text-decoration: line-through;\">(n\u00e3o sai \u00e0 sua m\u00e3ezinha, a mim at\u00e9 uma mosca me distraia).<\/span><\/p>\n<p><\/p>\n<p style=\"text-align: center;\">\u00a0<\/p>\n<p><\/p>\n<p style=\"text-align: center;\">\u00a0<\/p>\n<p><\/p>\n<p style=\"text-align: center;\"><strong>Vejam s\u00f3 este texto\u00a0<\/strong><\/p>\n<p><\/p>\n<p style=\"text-align: center;\">\u00a0<\/p>\n<p><\/p>\n<p class=\"sapomedia images\" style=\"text-align: center;\"><img loading=\"lazy\" decoding=\"async\" style=\"width: 640px; padding: 10px 10px;\" title=\"IMG_20190709_144310.jpg\" src=\"https:\/\/fotos.web.sapo.io\/cloud\/thumb\/d031238d469bc9c5bc16e05ce247f725\/omeumaiorsonho\/2019\/IMG_20190709_144310.jpg?size=l\" alt=\"IMG_20190709_144310.jpg\" width=\"640\" height=\"480\" \/><\/p>\n<p><\/p>\n<p style=\"text-align: center;\">\u00a0<\/p>\n<p><\/p>\n<p style=\"text-align: center;\">\u00a0<\/p>\n<p><\/p>\n<p style=\"text-align: center;\"><strong>Gostaram dos trabalhos do pequenote?<\/strong><\/p>\n<p><\/p>\n<p>\u00a0<\/p>\n<p><\/p>\n<p>\u00a0<\/p>\n","protected":false},"excerpt":{"rendered":"<p>No dia das avalia\u00e7\u00f5es escolares foi entregue\u00a0os trabalhos feitos durante o ano lectivo \u00a0 O Louren\u00e7o veio com as pastinhas dele todo orgulhoso e com muita vontade que eu as visse! \u00a0 \u00a0 \u00a0 Assim que viemos das f\u00e9rias umas das primeiras coisas que fui fazer foi ver os trabalhinhos dele, ele ao contr\u00e1rio da Leonor\u00a0\u00e9 super organizado com os seus trabalhos e mais&#8230; muito perfeccionista com o que faz! \u00a0 \u00a0 \u00a0 \u00a0 Diz a professora que enquanto n\u00e3o termina as suas tarefas nada o distrai! (n\u00e3o sai \u00e0 sua m\u00e3ezinha, a mim at\u00e9 uma mosca me distraia). \u00a0 \u00a0 Vejam s\u00f3 este texto\u00a0 \u00a0 \u00a0 \u00a0 Gostaram dos trabalhos do pequenote? \u00a0 \u00a0<\/p>\n","protected":false},"author":1,"featured_media":0,"comment_status":"open","ping_status":"open","sticky":false,"template":"","format":"standard","meta":{"pagelayer_contact_templates":[],"_pagelayer_content":"","footnotes":""},"categories":[306,544],"tags":[],"class_list":["post-581679","post","type-post","status-publish","format-standard","hentry","category-escola","category-lourenco"],"_links":{"self":[{"href":"https:\/\/omeumaiorsonho.pt\/wp\/wp-json\/wp\/v2\/posts\/581679","targetHints":{"allow":["GET"]}}],"collection":[{"href":"https:\/\/omeumaiorsonho.pt\/wp\/wp-json\/wp\/v2\/posts"}],"about":[{"href":"https:\/\/omeumaiorsonho.pt\/wp\/wp-json\/wp\/v2\/types\/post"}],"author":[{"embeddable":true,"href":"https:\/\/omeumaiorsonho.pt\/wp\/wp-json\/wp\/v2\/users\/1"}],"replies":[{"embeddable":true,"href":"https:\/\/omeumaiorsonho.pt\/wp\/wp-json\/wp\/v2\/comments?post=581679"}],"version-history":[{"count":0,"href":"https:\/\/omeumaiorsonho.pt\/wp\/wp-json\/wp\/v2\/posts\/581679\/revisions"}],"wp:attachment":[{"href":"https:\/\/omeumaiorsonho.pt\/wp\/wp-json\/wp\/v2\/media?parent=581679"}],"wp:term":[{"taxonomy":"category","embeddable":true,"href":"https:\/\/omeumaiorsonho.pt\/wp\/wp-json\/wp\/v2\/categories?post=581679"},{"taxonomy":"post_tag","embeddable":true,"href":"https:\/\/omeumaiorsonho.pt\/wp\/wp-json\/wp\/v2\/tags?post=581679"}],"curies":[{"name":"wp","href":"https:\/\/api.w.org\/{rel}","templated":true}]}}