{"id":505766,"date":"2017-12-26T13:48:00","date_gmt":"2017-12-26T13:48:00","guid":{"rendered":"https:\/\/omeumaiorsonho.pt\/505766.html"},"modified":"2017-12-26T13:48:00","modified_gmt":"2017-12-26T13:48:00","slug":"com-a-novex-e-tudo-de-bom","status":"publish","type":"post","link":"https:\/\/omeumaiorsonho.pt\/wp\/2017\/12\/26\/com-a-novex-e-tudo-de-bom\/","title":{"rendered":"Com a Novex &#8211; \u00c9 tudo de BOM!"},"content":{"rendered":"<p style=\"text-align: center;\"><span style=\"font-size: 18pt; color: #ffcc99;\">Com a <a style=\"color: #ffcc99;\" href=\"https:\/\/embelleze.pt\/\">Novex<\/a>\u00a02018, vai ser tudo de BOM!<\/span><\/p>\n<p><\/p>\n<p style=\"text-align: center;\">\u00a0<\/p>\n<p><\/p>\n<p style=\"text-align: center;\">E quando pensamos que o Natal terminou eis que chega por correio este miminho:<\/p>\n<p><\/p>\n<p>\u00a0<\/p>\n<p><\/p>\n<p class=\"sapomedia images\"><img loading=\"lazy\" decoding=\"async\" style=\"padding: 10px 10px;\" title=\"Collage 2017-12-26 13_39_29.jpg\" src=\"https:\/\/c7.quickcachr.fotos.sapo.pt\/i\/G5b02bdc2\/20806468_6r1VD.jpeg\" alt=\"Collage 2017-12-26 13_39_29.jpg\" width=\"960\" height=\"960\" \/><\/p>\n<p><\/p>\n<p>\u00a0<\/p>\n<p><\/p>\n<p style=\"text-align: center;\"><span style=\"font-size: 14pt; color: #ffcc99;\">Apresento a nova gama de produtos TUDO DE BOM da Novex.<\/span><\/p>\n<p><\/p>\n<p style=\"text-align: center;\"><span style=\"font-size: 14pt;\">\u00a0<\/span><\/p>\n<p><\/p>\n<p class=\"sapomedia images\" style=\"text-align: center;\">\u00a0<\/p>\n<p><\/p>\n<p style=\"text-align: center;\">\u00a0<\/p>\n<p><\/p>\n<p class=\"sapomedia images\" style=\"text-align: center;\"><img loading=\"lazy\" decoding=\"async\" style=\"padding: 10px 10px;\" title=\"Novex.png\" src=\"https:\/\/c1.quickcachr.fotos.sapo.pt\/i\/B8f157443\/20806456_Vu8bH.png\" alt=\"Novex.png\" width=\"500\" height=\"299\" \/><\/p>\n<p><\/p>\n<p style=\"text-align: center;\">\u00a0<\/p>\n<p><\/p>\n<p style=\"text-align: center;\">\u00a0<\/p>\n<p><\/p>\n<div style=\"text-align: center;\"><strong>&#8220;Mostre ao mundo que os dias opacos, ressequidos e sem vida fazem parte do passado! 2018 vai ser Tudo de Bom para si e para o seu cabelo com este novo lan\u00e7amento da Novex.<\/strong>.<\/div>\n<p><\/p>\n<div style=\"text-align: center;\"><strong>\u00a0<\/strong><\/div>\n<p><\/p>\n<div style=\"text-align: center;\"><span lang=\"PT\">Com uma<strong> f\u00f3rmula livre de parabenos, petrolatos, silicones e sulfatos<\/strong>, esta linha promete ser a sua nova BFF, pois apresenta ainda uma <strong>combina\u00e7\u00e3o especial de \u00f3leos vegetais (Argan, Oliva, Am\u00eandoas e Girassol), amino\u00e1cidos, vitaminas e \u00d3mega 3, 6, 7 e 9<\/strong> &#8211; ingredientes que proporcionam aos fios a suavidade, a vitalidade, a for\u00e7a e o aspeto saud\u00e1vel que precisa para abra\u00e7ar o novo ano da melhor forma!&#8221;<\/span><\/div>\n<p><\/p>\n<div style=\"text-align: center;\">\u00a0<\/div>\n<p><\/p>\n<p style=\"text-align: center;\">\u00a0<\/p>\n<p><\/p>\n<p style=\"text-align: center;\"><span style=\"text-decoration: underline;\"><strong>Tive\u00a0a oportunidade de experimentar a m\u00e1scara, vamos ver o que diz a marca<\/strong><\/span>:<\/p>\n<p><\/p>\n<p style=\"text-align: center;\">\u00a0<\/p>\n<p><\/p>\n<table id=\"x_x_x_content_LETTER.BLOCK65\" style=\"margin-left: auto; margin-right: auto;\" border=\"0\" width=\"100%\" cellspacing=\"0\" cellpadding=\"0\">\n<tbody>\n<tr>\n<td class=\"x_x_x_Content x_x_x_MainText\" colspan=\"1\" rowspan=\"1\" align=\"left\" valign=\"top\"><\/p>\n<div style=\"text-align: center;\" align=\"center\"><span style=\"font-size: 14pt;\"><strong>Muito mais do que uma M\u00e1scara!<\/strong><\/span><\/div>\n<p><\/p>\n<div style=\"text-align: center;\" align=\"center\">\u00a0<\/div>\n<p><\/p>\n<div style=\"text-align: center;\" align=\"justify\"><span style=\"font-size: 12pt;\"><strong>Sabia que a M\u00e1scara Novex Tudo de Bom pode ser usada de v\u00e1rias formas diferentes? Tire o seu cabelo da rotina gra\u00e7as a estas 4 dicas de utiliza\u00e7\u00e3o:<\/strong><\/span><\/div>\n<p><\/p>\n<div align=\"justify\"><\/p>\n<div style=\"text-align: center;\">\u00a0<\/div>\n<p><\/p>\n<div style=\"text-align: center;\"><span style=\"font-size: 12pt;\"><strong>1 &#8211; Pr\u00e9-Champ\u00f4:<\/strong> Aplicar no cabelo ainda seco, enluvando os fios, e deixar agir no m\u00ednimo durante 3 minutos. Enxaguar. Lavar e condicionar com o Champ\u00f4 e Condicionador Novex Tudo de Bom.<\/span><\/div>\n<p><\/p>\n<div style=\"text-align: center;\"><span style=\"font-size: 12pt;\"><strong>2 &#8211; A\u00e7\u00e3o Condicionante:<\/strong> Depois de lavar o cabelo com o Champ\u00f4 Novex Tudo de Bom, coloque um pouco\u00a0 na palma da m\u00e3o e passe em toda a extens\u00e3o dos fios, enluvando as mechas cuidadosamente. Enxaguar e finalizar como de costume.<\/span><\/div>\n<p><\/p>\n<div style=\"text-align: center;\"><span style=\"font-size: 12pt;\"><strong>3 &#8211; A\u00e7\u00e3o Ultraprofunda:<\/strong> Aplicar nos cabelos lavados e levemente enxutos. Enluve os fios e deixe agir durante 15 minutos. Enxaguar bem e finalizar como de costume.<\/span><\/div>\n<p><\/p>\n<div style=\"text-align: center;\"><span style=\"font-size: 12pt;\"><strong>4 &#8211; Creme de Pentear \/ Leave In:<\/strong> Com os cabelos h\u00famidos ou secos, aplicar no cabelo, mecha a mecha, desde o comprimento at\u00e9 \u00e0s pontas. Finalizar como de costume.<strong>\u00a0<\/strong><\/span><\/div>\n<p><\/p>\n<div style=\"text-align: center;\"><strong>\u00a0<\/strong><\/div>\n<p><\/div>\n<p><\/td>\n<\/tr>\n<\/tbody>\n<\/table>\n<p><\/p>\n<p style=\"text-align: center;\">\u200b<\/p>\n<p><\/p>\n<table id=\"x_x_x_content_LETTER.BLOCK88\" style=\"margin-left: auto; margin-right: auto;\" border=\"0\" width=\"100%\" cellspacing=\"0\" cellpadding=\"0\"><\/table>\n<p><\/p>\n<p style=\"text-align: center;\"><span style=\"font-size: 14pt; color: #ffcc99;\">Veja\u00a0<a style=\"color: #ffcc99;\" href=\"https:\/\/embelleze.pt\/produto-etiqueta\/tudo-de-bom\/\">AQUI<\/a>\u00a0a gama completa da linha e comecem 2018 com TUDO DE BOM!<\/span><\/p>\n<p><\/p>\n<p style=\"text-align: center;\">\u00a0<\/p>\n","protected":false},"excerpt":{"rendered":"<p>Com a Novex\u00a02018, vai ser tudo de BOM! \u00a0 E quando pensamos que o Natal terminou eis que chega por correio este miminho: \u00a0 \u00a0 Apresento a nova gama de produtos TUDO DE BOM da Novex. \u00a0 \u00a0 \u00a0 \u00a0 \u00a0 &#8220;Mostre ao mundo que os dias opacos, ressequidos e sem vida fazem parte do passado! 2018 vai ser Tudo de Bom para si e para o seu cabelo com este novo lan\u00e7amento da Novex.. \u00a0 Com uma f\u00f3rmula livre de parabenos, petrolatos, silicones e sulfatos, esta linha promete ser a sua nova BFF, pois apresenta ainda uma combina\u00e7\u00e3o especial de \u00f3leos vegetais (Argan, Oliva, Am\u00eandoas e Girassol), amino\u00e1cidos, vitaminas e \u00d3mega 3, 6, 7 e 9 &#8211; ingredientes que proporcionam aos fios a suavidade, a vitalidade, a for\u00e7a e o aspeto saud\u00e1vel que precisa para abra\u00e7ar o novo ano da melhor forma!&#8221; \u00a0 \u00a0 Tive\u00a0a oportunidade de experimentar a m\u00e1scara, vamos ver o que diz a marca: \u00a0 Muito mais do que uma M\u00e1scara! \u00a0 Sabia que a M\u00e1scara Novex Tudo de Bom pode ser usada de v\u00e1rias formas diferentes? Tire o seu cabelo da rotina gra\u00e7as a estas 4 dicas de utiliza\u00e7\u00e3o: \u00a0 1 &#8211; Pr\u00e9-Champ\u00f4: Aplicar no cabelo ainda seco, enluvando os fios, e deixar agir no m\u00ednimo durante 3 minutos. Enxaguar. Lavar e condicionar com o Champ\u00f4 e Condicionador Novex Tudo de Bom. 2 &#8211; A\u00e7\u00e3o Condicionante: Depois de lavar o cabelo com o Champ\u00f4 Novex Tudo de Bom, coloque um pouco\u00a0 na palma da m\u00e3o e passe em toda a extens\u00e3o dos fios, enluvando as mechas cuidadosamente. Enxaguar e finalizar como de costume. 3 &#8211; A\u00e7\u00e3o Ultraprofunda: Aplicar nos cabelos lavados e levemente enxutos. Enluve os fios e deixe agir durante 15 minutos. Enxaguar bem e finalizar como de costume. 4 &#8211; Creme de Pentear \/ Leave In: Com os cabelos h\u00famidos ou secos, aplicar no cabelo, mecha a mecha, desde o comprimento at\u00e9 \u00e0s pontas. Finalizar como de costume.\u00a0 \u00a0 \u200b Veja\u00a0AQUI\u00a0a gama completa da linha e comecem 2018 com TUDO DE BOM! \u00a0<\/p>\n","protected":false},"author":1,"featured_media":0,"comment_status":"open","ping_status":"open","sticky":false,"template":"","format":"standard","meta":{"pagelayer_contact_templates":[],"_pagelayer_content":"","footnotes":""},"categories":[165,46,662],"tags":[],"class_list":["post-505766","post","type-post","status-publish","format-standard","hentry","category-embelleze","category-novex","category-parceria"],"_links":{"self":[{"href":"https:\/\/omeumaiorsonho.pt\/wp\/wp-json\/wp\/v2\/posts\/505766","targetHints":{"allow":["GET"]}}],"collection":[{"href":"https:\/\/omeumaiorsonho.pt\/wp\/wp-json\/wp\/v2\/posts"}],"about":[{"href":"https:\/\/omeumaiorsonho.pt\/wp\/wp-json\/wp\/v2\/types\/post"}],"author":[{"embeddable":true,"href":"https:\/\/omeumaiorsonho.pt\/wp\/wp-json\/wp\/v2\/users\/1"}],"replies":[{"embeddable":true,"href":"https:\/\/omeumaiorsonho.pt\/wp\/wp-json\/wp\/v2\/comments?post=505766"}],"version-history":[{"count":0,"href":"https:\/\/omeumaiorsonho.pt\/wp\/wp-json\/wp\/v2\/posts\/505766\/revisions"}],"wp:attachment":[{"href":"https:\/\/omeumaiorsonho.pt\/wp\/wp-json\/wp\/v2\/media?parent=505766"}],"wp:term":[{"taxonomy":"category","embeddable":true,"href":"https:\/\/omeumaiorsonho.pt\/wp\/wp-json\/wp\/v2\/categories?post=505766"},{"taxonomy":"post_tag","embeddable":true,"href":"https:\/\/omeumaiorsonho.pt\/wp\/wp-json\/wp\/v2\/tags?post=505766"}],"curies":[{"name":"wp","href":"https:\/\/api.w.org\/{rel}","templated":true}]}}