{"id":48909,"date":"2010-06-07T16:54:26","date_gmt":"2010-06-07T16:54:26","guid":{"rendered":"https:\/\/omeumaiorsonho.pt\/48909.html"},"modified":"2010-06-07T16:54:26","modified_gmt":"2010-06-07T16:54:26","slug":"3-meses-de-leonor-ja-tenho-4-mesinhos","status":"publish","type":"post","link":"https:\/\/omeumaiorsonho.pt\/wp\/2010\/06\/07\/3-meses-de-leonor-ja-tenho-4-mesinhos\/","title":{"rendered":"3 Meses de Leonor, J\u00e1 tenho 4 mesinhos!!!! ;))))"},"content":{"rendered":"<p>Posso dizer que estou a adorar esta fase da minha filha , est\u00e1 a ser demais&#8230;.<\/p>\n<p><\/p>\n<p>Ela j\u00e1 interaje imenso connosco , j\u00e1 d\u00e1 os bracinhos para a apanharmos, quer ainda mais aten\u00e7\u00e3o, grita imenso, ri se muito, farta se de brincar, j\u00e1 apanha bem os objectos\u00a0ah e uma coisa muito boa at\u00e9 j\u00e1 bebe melhor o lietinho \ud83d\ude09 passou de repente para 150 ml..<\/p>\n<p><\/p>\n<p>Ah tamb\u00e9m j\u00e1 iniciou a papinha, os banhos passaram a ser uma autentica aventura , adora bater os pezinhos e m\u00e3os hehehe&#8230;<\/p>\n<p><\/p>\n<p>\u00a0<\/p>\n<p><\/p>\n<p>De repente deu um salto est\u00e1 enorme j\u00e1 tenho imensa roupa guardada que n\u00e3o lhe serve&#8230;<\/p>\n<p><\/p>\n<p>\u00a0<\/p>\n<p><\/p>\n<p>Este m\u00eas tambem fez a transi\u00e7\u00e3o do ber\u00e7o para a cama de grades e est\u00e1 a adorar lolol at\u00e9 demais tenho que ter cuidado acorda atravessada na cama com os p\u00e9s nas grades ah e destapa se toda n\u00e3o quer estar tapada nem por nada&#8230;.<\/p>\n<p><\/p>\n<p>\u00a0<\/p>\n<p><\/p>\n<p>Continua muito aflita das gengivas tadinha a pomadinha n\u00e3o est\u00e1 a fazer muito efeito ;(<\/p>\n<p><\/p>\n<p>\u00a0<\/p>\n<p><\/p>\n<p>\u00a0<\/p>\n<p><\/p>\n<p>Enfim estou a amar cada momento e fase da minha filha&#8230;.<\/p>\n<p><\/p>\n<p>\u00a0<\/p>\n<p><\/p>\n<p>Foi o melhor que me podia ter acontecido&#8230;<\/p>\n<p><\/p>\n<p>\u00a0<\/p>\n<p><\/p>\n<p>\u00a0<\/p>\n<p><\/p>\n<p>\u00a0<\/p>\n<p><\/p>\n<p><a class=\"saportelink\" href=\"http:\/\/fotos.sapo.pt\/Le8CrI7zTQLE3QQq4pHU\"><img decoding=\"async\" style=\"border: 0 none;\" src=\"http:\/\/c9.quickcachr.fotos.sapo.pt\/i\/be804f7a0\/6532533_Q4LGG.jpeg\" alt=\"\" \/><\/a><\/p>\n<p><\/p>\n<p>\u00a0<\/p>\n<p><\/p>\n<p>\u00a0<\/p>\n<p><\/p>\n<p>\u00a0<\/p>\n<p><\/p>\n<p><a class=\"saportelink\" href=\"http:\/\/fotos.sapo.pt\/bvZRebgS58KNjG73Mhzm\"><img decoding=\"async\" style=\"border: 0 none;\" src=\"http:\/\/c3.quickcachr.fotos.sapo.pt\/i\/b03048b72\/6532538_to3C7.jpeg\" alt=\"\" \/><\/a><\/p>\n","protected":false},"excerpt":{"rendered":"<p>Posso dizer que estou a adorar esta fase da minha filha , est\u00e1 a ser demais&#8230;. Ela j\u00e1 interaje imenso connosco , j\u00e1 d\u00e1 os bracinhos para a apanharmos, quer ainda mais aten\u00e7\u00e3o, grita imenso, ri se muito, farta se de brincar, j\u00e1 apanha bem os objectos\u00a0ah e uma coisa muito boa at\u00e9 j\u00e1 bebe melhor o lietinho \ud83d\ude09 passou de repente para 150 ml.. Ah tamb\u00e9m j\u00e1 iniciou a papinha, os banhos passaram a ser uma autentica aventura , adora bater os pezinhos e m\u00e3os hehehe&#8230; \u00a0 De repente deu um salto est\u00e1 enorme j\u00e1 tenho imensa roupa guardada que n\u00e3o lhe serve&#8230; \u00a0 Este m\u00eas tambem fez a transi\u00e7\u00e3o do ber\u00e7o para a cama de grades e est\u00e1 a adorar lolol at\u00e9 demais tenho que ter cuidado acorda atravessada na cama com os p\u00e9s nas grades ah e destapa se toda n\u00e3o quer estar tapada nem por nada&#8230;. \u00a0 Continua muito aflita das gengivas tadinha a pomadinha n\u00e3o est\u00e1 a fazer muito efeito ;( \u00a0 \u00a0 Enfim estou a amar cada momento e fase da minha filha&#8230;. \u00a0 Foi o melhor que me podia ter acontecido&#8230; \u00a0 \u00a0 \u00a0 \u00a0 \u00a0 \u00a0<\/p>\n","protected":false},"author":1,"featured_media":0,"comment_status":"open","ping_status":"open","sticky":false,"template":"","format":"standard","meta":{"pagelayer_contact_templates":[],"_pagelayer_content":"","footnotes":""},"categories":[606],"tags":[],"class_list":["post-48909","post","type-post","status-publish","format-standard","hentry","category-gravidez"],"_links":{"self":[{"href":"https:\/\/omeumaiorsonho.pt\/wp\/wp-json\/wp\/v2\/posts\/48909","targetHints":{"allow":["GET"]}}],"collection":[{"href":"https:\/\/omeumaiorsonho.pt\/wp\/wp-json\/wp\/v2\/posts"}],"about":[{"href":"https:\/\/omeumaiorsonho.pt\/wp\/wp-json\/wp\/v2\/types\/post"}],"author":[{"embeddable":true,"href":"https:\/\/omeumaiorsonho.pt\/wp\/wp-json\/wp\/v2\/users\/1"}],"replies":[{"embeddable":true,"href":"https:\/\/omeumaiorsonho.pt\/wp\/wp-json\/wp\/v2\/comments?post=48909"}],"version-history":[{"count":0,"href":"https:\/\/omeumaiorsonho.pt\/wp\/wp-json\/wp\/v2\/posts\/48909\/revisions"}],"wp:attachment":[{"href":"https:\/\/omeumaiorsonho.pt\/wp\/wp-json\/wp\/v2\/media?parent=48909"}],"wp:term":[{"taxonomy":"category","embeddable":true,"href":"https:\/\/omeumaiorsonho.pt\/wp\/wp-json\/wp\/v2\/categories?post=48909"},{"taxonomy":"post_tag","embeddable":true,"href":"https:\/\/omeumaiorsonho.pt\/wp\/wp-json\/wp\/v2\/tags?post=48909"}],"curies":[{"name":"wp","href":"https:\/\/api.w.org\/{rel}","templated":true}]}}