{"id":452524,"date":"2016-05-11T08:16:00","date_gmt":"2016-05-11T08:16:00","guid":{"rendered":"https:\/\/omeumaiorsonho.pt\/452524.html"},"modified":"2016-05-11T08:16:00","modified_gmt":"2016-05-11T08:16:00","slug":"dia-de-corte-de-cabelo","status":"publish","type":"post","link":"https:\/\/omeumaiorsonho.pt\/wp\/2016\/05\/11\/dia-de-corte-de-cabelo\/","title":{"rendered":"Dia de corte de cabelo!"},"content":{"rendered":"<p>Eu era t\u00e3o feliz se o meu cabelo cresce se com a mesma velocidade que cresce aos meus filhos.<\/p>\n<p><\/p>\n<p>\u00a0<\/p>\n<p><\/p>\n<p>M\u00e1ximo 2 em 2 meses temos que cortar o cabelo o que me vale \u00e9 que eles adoram este momento.<\/p>\n<p><\/p>\n<p>\u00c9 sempre uma alegria cada vez que an\u00fancio que \u00e9 dia de corte.<\/p>\n<p><\/p>\n<p>\u00a0<\/p>\n<p><\/p>\n<p class=\"sapomedia images\"><a class=\"media-link\" title=\"PhotoGrid_1462300352651.jpg\" href=\"http:\/\/fotos.sapo.pt\/rutecj\/fotos\/?uid=sRKrDS96t0UwQW2ENI8P\"><img loading=\"lazy\" decoding=\"async\" style=\"padding: 10px 10px;\" title=\"PhotoGrid_1462300352651.jpg\" src=\"http:\/\/0.fotos.web.sapo.io\/i\/Bcb04c9c6\/19596958_RD1yZ.jpeg\" alt=\"PhotoGrid_1462300352651.jpg\" width=\"500\" height=\"500\" \/><\/a><\/p>\n<p><\/p>\n<p class=\"sapomedia images\"><a class=\"media-link\" title=\"PhotoGrid_1462300138889.jpg\" href=\"http:\/\/fotos.sapo.pt\/rutecj\/fotos\/?uid=hpN7aTLLfBTaGEtSbpOd\"><img loading=\"lazy\" decoding=\"async\" style=\"padding: 10px 10px;\" title=\"PhotoGrid_1462300138889.jpg\" src=\"http:\/\/5.fotos.web.sapo.io\/i\/B4f08bb42\/19596963_EtLYr.jpeg\" alt=\"PhotoGrid_1462300138889.jpg\" width=\"500\" height=\"500\" \/><\/a><\/p>\n<p><\/p>\n<p>Aqui est\u00e3o eles super felizes com o corte.<\/p>\n<p><\/p>\n<p>O Louren\u00e7o levou o tempo a dizer para a cabeleireira: tou t\u00e3o bonito.<\/p>\n<p><\/p>\n<p>\u00a0<\/p>\n<p><\/p>\n<p>E estas mesmo filho, quer dizer est\u00e3o os 2 um mimo.<\/p>\n<p><\/p>\n<p>\u00a0<\/p>\n<p><\/p>\n<p>N\u00e3o concordam?<\/p>\n","protected":false},"excerpt":{"rendered":"<p>Eu era t\u00e3o feliz se o meu cabelo cresce se com a mesma velocidade que cresce aos meus filhos. \u00a0 M\u00e1ximo 2 em 2 meses temos que cortar o cabelo o que me vale \u00e9 que eles adoram este momento. \u00c9 sempre uma alegria cada vez que an\u00fancio que \u00e9 dia de corte. \u00a0 Aqui est\u00e3o eles super felizes com o corte. O Louren\u00e7o levou o tempo a dizer para a cabeleireira: tou t\u00e3o bonito. \u00a0 E estas mesmo filho, quer dizer est\u00e3o os 2 um mimo. \u00a0 N\u00e3o concordam?<\/p>\n","protected":false},"author":1,"featured_media":0,"comment_status":"open","ping_status":"open","sticky":false,"template":"","format":"standard","meta":{"pagelayer_contact_templates":[],"_pagelayer_content":"","footnotes":""},"categories":[86],"tags":[],"class_list":["post-452524","post","type-post","status-publish","format-standard","hentry","category-cabelo"],"_links":{"self":[{"href":"https:\/\/omeumaiorsonho.pt\/wp\/wp-json\/wp\/v2\/posts\/452524","targetHints":{"allow":["GET"]}}],"collection":[{"href":"https:\/\/omeumaiorsonho.pt\/wp\/wp-json\/wp\/v2\/posts"}],"about":[{"href":"https:\/\/omeumaiorsonho.pt\/wp\/wp-json\/wp\/v2\/types\/post"}],"author":[{"embeddable":true,"href":"https:\/\/omeumaiorsonho.pt\/wp\/wp-json\/wp\/v2\/users\/1"}],"replies":[{"embeddable":true,"href":"https:\/\/omeumaiorsonho.pt\/wp\/wp-json\/wp\/v2\/comments?post=452524"}],"version-history":[{"count":0,"href":"https:\/\/omeumaiorsonho.pt\/wp\/wp-json\/wp\/v2\/posts\/452524\/revisions"}],"wp:attachment":[{"href":"https:\/\/omeumaiorsonho.pt\/wp\/wp-json\/wp\/v2\/media?parent=452524"}],"wp:term":[{"taxonomy":"category","embeddable":true,"href":"https:\/\/omeumaiorsonho.pt\/wp\/wp-json\/wp\/v2\/categories?post=452524"},{"taxonomy":"post_tag","embeddable":true,"href":"https:\/\/omeumaiorsonho.pt\/wp\/wp-json\/wp\/v2\/tags?post=452524"}],"curies":[{"name":"wp","href":"https:\/\/api.w.org\/{rel}","templated":true}]}}