{"id":361237,"date":"2014-09-07T22:25:17","date_gmt":"2014-09-07T22:25:17","guid":{"rendered":"https:\/\/omeumaiorsonho.pt\/361237.html"},"modified":"2014-09-07T22:25:17","modified_gmt":"2014-09-07T22:25:17","slug":"as-ferias-as-desejadas-parte-i","status":"publish","type":"post","link":"https:\/\/omeumaiorsonho.pt\/wp\/2014\/09\/07\/as-ferias-as-desejadas-parte-i\/","title":{"rendered":"As F\u00e9rias &#8230;. As desejadas&#8230; Parte I"},"content":{"rendered":"<p><strong>Arma\u00e7\u00e3o de P\u00eara<\/strong> foi o destino..<\/p>\n<p><\/p>\n<p>\u00a0<\/p>\n<p><\/p>\n<p>Fomos acompanhados por um casal amigo com um lindo filhote de 3 anos que a Leonor adora!!! Ela e todos n\u00f3s ;)))<\/p>\n<p><\/p>\n<p>\u00a0<\/p>\n<p><\/p>\n<p>O balan\u00e7o foi positivo , adoramos e est\u00e1vamos\u00a0a precisar!!!<\/p>\n<p><\/p>\n<p>\u00a0<\/p>\n<p><\/p>\n<p>Aqui ficam os primeiros dias..<\/p>\n<p><\/p>\n<p>\u00a0<\/p>\n<p><\/p>\n<p><a class=\"saportelink\" href=\"http:\/\/fotos.sapo.pt\/rutecj\/fotos\/?uid=yERoSIjgZmMp4j3k2ycw\"><img loading=\"lazy\" decoding=\"async\" style=\"border: 0 none;\" src=\"http:\/\/c5.quickcachr.fotos.sapo.pt\/i\/B9e02cbc1\/17378625_5CuFI.jpeg\" alt=\"\" width=\"500\" height=\"375\" \/><\/a><\/p>\n<p><\/p>\n<p>\u00a0<\/p>\n<p><\/p>\n<p>\u00a0<\/p>\n<p><\/p>\n<p>J\u00e1 a descansar..<\/p>\n<p><\/p>\n<p>\u00a0<\/p>\n<p><\/p>\n<p><a class=\"saportelink\" href=\"http:\/\/fotos.sapo.pt\/rutecj\/fotos\/?uid=ZqTAqUESefkdwnAglFgL\"><img loading=\"lazy\" decoding=\"async\" style=\"border: 0 none;\" src=\"http:\/\/c10.quickcachr.fotos.sapo.pt\/i\/B39029be6\/17378645_CZ4aF.jpeg\" alt=\"\" width=\"375\" height=\"500\" \/><\/a><\/p>\n<p><\/p>\n<p>\u00a0<\/p>\n<p><\/p>\n<p>\u00a0<\/p>\n<p><\/p>\n<p>Uma sereia linda \ud83d\ude09<\/p>\n<p><\/p>\n<p>\u00a0<\/p>\n<p><\/p>\n<p><a class=\"saportelink\" href=\"http:\/\/fotos.sapo.pt\/rutecj\/fotos\/?uid=jSJvRzAIeyq4ez60lKCr\"><img loading=\"lazy\" decoding=\"async\" style=\"border: 0 none;\" src=\"http:\/\/c1.quickcachr.fotos.sapo.pt\/i\/B23028ea0\/17378660_hIHTs.jpeg\" alt=\"\" width=\"500\" height=\"375\" \/><\/a><\/p>\n<p><\/p>\n<p>\u00a0<\/p>\n<p><\/p>\n<p>\u00a0<\/p>\n<p><\/p>\n<p>Ele reagiu super bem desta vez \u00e0 praia ;))<\/p>\n<p><\/p>\n<p>\u00a0<\/p>\n<p><\/p>\n<p><a class=\"saportelink\" href=\"http:\/\/fotos.sapo.pt\/rutecj\/fotos\/?uid=AOGcAqt0sZYc921IHgnv\"><img loading=\"lazy\" decoding=\"async\" style=\"border: 0 none;\" src=\"http:\/\/c4.quickcachr.fotos.sapo.pt\/i\/B7c025540\/17378670_BNidB.jpeg\" alt=\"\" width=\"500\" height=\"375\" \/><\/a><\/p>\n<p><\/p>\n<p>\u00a0<\/p>\n<p><\/p>\n<p>\u00a0<\/p>\n<p><\/p>\n<p>Adora sentir a areia..<\/p>\n<p><\/p>\n<p>\u00a0<\/p>\n<p><\/p>\n<p><a class=\"saportelink\" href=\"http:\/\/fotos.sapo.pt\/rutecj\/fotos\/?uid=U6RvfehYNKzLN0rElz6a\"><img loading=\"lazy\" decoding=\"async\" style=\"border: 0 none;\" src=\"http:\/\/c7.quickcachr.fotos.sapo.pt\/i\/B430135f5\/17378677_KTd6N.jpeg\" alt=\"\" width=\"375\" height=\"500\" \/><\/a><\/p>\n<p><\/p>\n<p>\u00a0<\/p>\n<p><\/p>\n<p>\u00a0<\/p>\n<p><\/p>\n<p>A observar o Mar&#8230;. ADORO!!!<\/p>\n<p><\/p>\n<p>\u00a0<\/p>\n<p><\/p>\n<p>\u00a0<\/p>\n<p><\/p>\n<p>\u00a0<\/p>\n<p><\/p>\n<p>\u00a0<\/p>\n<p><\/p>\n<p>Continua &#8230;&#8230;.<\/p>\n","protected":false},"excerpt":{"rendered":"<p>Arma\u00e7\u00e3o de P\u00eara foi o destino.. \u00a0 Fomos acompanhados por um casal amigo com um lindo filhote de 3 anos que a Leonor adora!!! Ela e todos n\u00f3s ;))) \u00a0 O balan\u00e7o foi positivo , adoramos e est\u00e1vamos\u00a0a precisar!!! \u00a0 Aqui ficam os primeiros dias.. \u00a0 \u00a0 \u00a0 J\u00e1 a descansar.. \u00a0 \u00a0 \u00a0 Uma sereia linda \ud83d\ude09 \u00a0 \u00a0 \u00a0 Ele reagiu super bem desta vez \u00e0 praia ;)) \u00a0 \u00a0 \u00a0 Adora sentir a areia.. \u00a0 \u00a0 \u00a0 A observar o Mar&#8230;. ADORO!!! \u00a0 \u00a0 \u00a0 \u00a0 Continua &#8230;&#8230;.<\/p>\n","protected":false},"author":1,"featured_media":0,"comment_status":"open","ping_status":"open","sticky":false,"template":"","format":"standard","meta":{"pagelayer_contact_templates":[],"_pagelayer_content":"","footnotes":""},"categories":[383,648],"tags":[],"class_list":["post-361237","post","type-post","status-publish","format-standard","hentry","category-armacao-de-pera","category-ferias"],"_links":{"self":[{"href":"https:\/\/omeumaiorsonho.pt\/wp\/wp-json\/wp\/v2\/posts\/361237","targetHints":{"allow":["GET"]}}],"collection":[{"href":"https:\/\/omeumaiorsonho.pt\/wp\/wp-json\/wp\/v2\/posts"}],"about":[{"href":"https:\/\/omeumaiorsonho.pt\/wp\/wp-json\/wp\/v2\/types\/post"}],"author":[{"embeddable":true,"href":"https:\/\/omeumaiorsonho.pt\/wp\/wp-json\/wp\/v2\/users\/1"}],"replies":[{"embeddable":true,"href":"https:\/\/omeumaiorsonho.pt\/wp\/wp-json\/wp\/v2\/comments?post=361237"}],"version-history":[{"count":0,"href":"https:\/\/omeumaiorsonho.pt\/wp\/wp-json\/wp\/v2\/posts\/361237\/revisions"}],"wp:attachment":[{"href":"https:\/\/omeumaiorsonho.pt\/wp\/wp-json\/wp\/v2\/media?parent=361237"}],"wp:term":[{"taxonomy":"category","embeddable":true,"href":"https:\/\/omeumaiorsonho.pt\/wp\/wp-json\/wp\/v2\/categories?post=361237"},{"taxonomy":"post_tag","embeddable":true,"href":"https:\/\/omeumaiorsonho.pt\/wp\/wp-json\/wp\/v2\/tags?post=361237"}],"curies":[{"name":"wp","href":"https:\/\/api.w.org\/{rel}","templated":true}]}}