{"id":248710,"date":"2013-03-07T11:22:12","date_gmt":"2013-03-07T11:22:12","guid":{"rendered":"https:\/\/omeumaiorsonho.pt\/248710.html"},"modified":"2013-03-07T11:22:12","modified_gmt":"2013-03-07T11:22:12","slug":"reciclar-roupa","status":"publish","type":"post","link":"https:\/\/omeumaiorsonho.pt\/wp\/2013\/03\/07\/reciclar-roupa\/","title":{"rendered":"Reciclar roupa!!!"},"content":{"rendered":"<p>Eu j\u00e1 tive varias oscila\u00e7\u00f5es de peso j\u00e1 usei um 42 e voltei para o 36 , emagreci imenso depois de a N\u00f4 nascer!!!<\/p>\n<p><\/p>\n<p>\u00a0<\/p>\n<p><\/p>\n<p>De 3 em 3 meses gosto de dar uma volta\u00a0ao roupeiro e tirar o que j\u00e1 n\u00e3o gosto ou uso sempre fui muito radical neste aspecto, nunca fui de ter muita pena da roupa visto tamb\u00e9m ser dada a quem precisa mas &#8230; sempre guardei as cal\u00e7as maiores sei l\u00e1 pensava imensas vezes em coloca\u00a0las no saquinho preto que s\u00f3 estavam a encher mas algo me dizia que podia voltar a usar.<\/p>\n<p><\/p>\n<p>\u00a0<\/p>\n<p><\/p>\n<p>E assim foi bendita hora que as guardei, hoje com 11 semanas de gravidez o meu 36 de cal\u00e7as j\u00e1 n\u00e3o me serve tive passar para as cal\u00e7as 38\/40 se n\u00e3o as tivesse guardado era mais um bom dinheirinho que tinha de investir!!!<\/p>\n<p><\/p>\n<p>\u00a0<\/p>\n<p><\/p>\n<p>Em rela\u00e7\u00e3o \u00e1s cal\u00e7as de gr\u00e1vida as que tenho ainda s\u00e3o enormes mas tamb\u00e9m\u00a0est\u00e3o guardadas!!<\/p>\n<p><\/p>\n<p>\u00a0<\/p>\n<p><\/p>\n<p>\u00a0<\/p>\n<p><\/p>\n<p>Algu\u00e9m como eu que guarde pe\u00e7as de roupa a pensar no dia de amanh\u00e3???<\/p>\n","protected":false},"excerpt":{"rendered":"<p>Eu j\u00e1 tive varias oscila\u00e7\u00f5es de peso j\u00e1 usei um 42 e voltei para o 36 , emagreci imenso depois de a N\u00f4 nascer!!! \u00a0 De 3 em 3 meses gosto de dar uma volta\u00a0ao roupeiro e tirar o que j\u00e1 n\u00e3o gosto ou uso sempre fui muito radical neste aspecto, nunca fui de ter muita pena da roupa visto tamb\u00e9m ser dada a quem precisa mas &#8230; sempre guardei as cal\u00e7as maiores sei l\u00e1 pensava imensas vezes em coloca\u00a0las no saquinho preto que s\u00f3 estavam a encher mas algo me dizia que podia voltar a usar. \u00a0 E assim foi bendita hora que as guardei, hoje com 11 semanas de gravidez o meu 36 de cal\u00e7as j\u00e1 n\u00e3o me serve tive passar para as cal\u00e7as 38\/40 se n\u00e3o as tivesse guardado era mais um bom dinheirinho que tinha de investir!!! \u00a0 Em rela\u00e7\u00e3o \u00e1s cal\u00e7as de gr\u00e1vida as que tenho ainda s\u00e3o enormes mas tamb\u00e9m\u00a0est\u00e3o guardadas!! \u00a0 \u00a0 Algu\u00e9m como eu que guarde pe\u00e7as de roupa a pensar no dia de amanh\u00e3???<\/p>\n","protected":false},"author":1,"featured_media":0,"comment_status":"open","ping_status":"open","sticky":false,"template":"","format":"standard","meta":{"pagelayer_contact_templates":[],"_pagelayer_content":"","footnotes":""},"categories":[419],"tags":[],"class_list":["post-248710","post","type-post","status-publish","format-standard","hentry","category-roupeiro"],"_links":{"self":[{"href":"https:\/\/omeumaiorsonho.pt\/wp\/wp-json\/wp\/v2\/posts\/248710","targetHints":{"allow":["GET"]}}],"collection":[{"href":"https:\/\/omeumaiorsonho.pt\/wp\/wp-json\/wp\/v2\/posts"}],"about":[{"href":"https:\/\/omeumaiorsonho.pt\/wp\/wp-json\/wp\/v2\/types\/post"}],"author":[{"embeddable":true,"href":"https:\/\/omeumaiorsonho.pt\/wp\/wp-json\/wp\/v2\/users\/1"}],"replies":[{"embeddable":true,"href":"https:\/\/omeumaiorsonho.pt\/wp\/wp-json\/wp\/v2\/comments?post=248710"}],"version-history":[{"count":0,"href":"https:\/\/omeumaiorsonho.pt\/wp\/wp-json\/wp\/v2\/posts\/248710\/revisions"}],"wp:attachment":[{"href":"https:\/\/omeumaiorsonho.pt\/wp\/wp-json\/wp\/v2\/media?parent=248710"}],"wp:term":[{"taxonomy":"category","embeddable":true,"href":"https:\/\/omeumaiorsonho.pt\/wp\/wp-json\/wp\/v2\/categories?post=248710"},{"taxonomy":"post_tag","embeddable":true,"href":"https:\/\/omeumaiorsonho.pt\/wp\/wp-json\/wp\/v2\/tags?post=248710"}],"curies":[{"name":"wp","href":"https:\/\/api.w.org\/{rel}","templated":true}]}}