{"id":21468,"date":"2009-10-06T12:10:13","date_gmt":"2009-10-06T12:10:13","guid":{"rendered":"https:\/\/omeumaiorsonho.pt\/21468.html"},"modified":"2009-10-06T12:10:13","modified_gmt":"2009-10-06T12:10:13","slug":"23-semanas-de-gestacao","status":"publish","type":"post","link":"https:\/\/omeumaiorsonho.pt\/wp\/2009\/10\/06\/23-semanas-de-gestacao\/","title":{"rendered":"23 Semanas de gesta\u00e7\u00e3o ;)"},"content":{"rendered":"<p>\u00a0<\/p>\n<p><\/p>\n<p>\u00a0<\/p>\n<p><\/p>\n<p><a href=\"http:\/\/images.google.pt\/imgres?imgurl=http:\/\/3.bp.blogspot.com\/_JuOcDrTI7gs\/SY_78lSradI\/AAAAAAAAAO4\/TzsXKjsCO1o\/s320\/feto%2B23%2Bsemanas.jpg&amp;imgrefurl=http:\/\/luelegravidos.blogspot.com\/2009_02_01_archive.html&amp;usg=__KoiJIYfNW99R647S3fqWml-REMk=&amp;h=238&amp;w=265&amp;sz=9&amp;hl=pt-PT&amp;start=14&amp;tbnid=SAvTocWMdsAp5M:&amp;tbnh=101&amp;tbnw=112&amp;prev=\/images%3Fq%3D23%2Bsemanas%2Bde%2Bgesta%25C3%25A7ao%26gbv%3D2%26hl%3Dpt-PT\"><img loading=\"lazy\" decoding=\"async\" style=\"border: 1px solid; display: block; margin-left: auto; margin-right: auto;\" src=\"http:\/\/t3.gstatic.com\/images?q=tbn:SAvTocWMdsAp5M:http:\/\/3.bp.blogspot.com\/_JuOcDrTI7gs\/SY_78lSradI\/AAAAAAAAAO4\/TzsXKjsCO1o\/s320\/feto%2B23%2Bsemanas.jpg\" alt=\"\" width=\"112\" height=\"101\" \/><\/a><\/p>\n<p><\/p>\n<p>\u00a0<\/p>\n<p><\/p>\n<p>O que est\u00e1 acontecendo com o beb\u00e9\u00a0nesta fase:<\/p>\n<p><\/p>\n<p><span class=\"EC_style17\"><span class=\"EC_style23\">O beb\u00e9\u00a0j\u00e1 \u00e9 capaz de ouvir uma por\u00e7\u00e3o de sons, como os batimentos card\u00edacos, a voz e os ru\u00eddos decorrentes de digest\u00e3o da m\u00e3e, al\u00e9m de barulhos externos relativamente altos, como o latido de um c\u00e3o e o som de uma sirene. <\/span><\/span><\/p>\n<p><\/p>\n<p><span class=\"EC_style17\"><span class=\"EC_style23\">Voc\u00ea que \u00e9 gestante e n\u00e3o\u00a0tem o h\u00e1bito de conversar com o beb\u00e9, experimente falar, cantar, colocar m\u00fasicas para ele ouvir. Est\u00e1 provado que nos primeiros meses de vida, os beb\u00e9s\u00a0se acalmam quando expostos a sons suaves a que foram submetidos durante a gesta\u00e7\u00e3o.<\/span><\/span><\/p>\n<p><\/p>\n<p><span class=\"EC_style17\"><span class=\"EC_style23\">No final da vig\u00e9sima terceira semana o beb\u00e9\u00a0pesar\u00e1 cerca de <\/span><\/span>580 gramas. Mede cerca de 27 cm da cabe\u00e7a aos p\u00e9s. O corpo torna-se mais proporcional a cada dia e os ossos do ouvido m\u00e9dio come\u00e7am a endurecer, tornando poss\u00edvel a condu\u00e7\u00e3o do som.Se nascer agora,\u00a0o beb\u00e9\u00a0j\u00e1 tem chance de sobreviver, contudo o sistema respirat\u00f3rio ainda est\u00e1 em desenvolvimento. Esperamos que ele fique a\u00ed dentro por v\u00e1rias semanas!! Ossos, m\u00fasculos e \u00f3rg\u00e3os apresentam crescimento est\u00e1vel. Os vasos sangu\u00edneos, ossos e \u00f3rg\u00e3os s\u00e3o vis\u00edveis sob uma fina membrana de pele transluscente, r\u00f3sea e enrugada.<\/p>\n","protected":false},"excerpt":{"rendered":"<p>\u00a0 \u00a0 \u00a0 O que est\u00e1 acontecendo com o beb\u00e9\u00a0nesta fase: O beb\u00e9\u00a0j\u00e1 \u00e9 capaz de ouvir uma por\u00e7\u00e3o de sons, como os batimentos card\u00edacos, a voz e os ru\u00eddos decorrentes de digest\u00e3o da m\u00e3e, al\u00e9m de barulhos externos relativamente altos, como o latido de um c\u00e3o e o som de uma sirene. Voc\u00ea que \u00e9 gestante e n\u00e3o\u00a0tem o h\u00e1bito de conversar com o beb\u00e9, experimente falar, cantar, colocar m\u00fasicas para ele ouvir. Est\u00e1 provado que nos primeiros meses de vida, os beb\u00e9s\u00a0se acalmam quando expostos a sons suaves a que foram submetidos durante a gesta\u00e7\u00e3o. No final da vig\u00e9sima terceira semana o beb\u00e9\u00a0pesar\u00e1 cerca de 580 gramas. Mede cerca de 27 cm da cabe\u00e7a aos p\u00e9s. O corpo torna-se mais proporcional a cada dia e os ossos do ouvido m\u00e9dio come\u00e7am a endurecer, tornando poss\u00edvel a condu\u00e7\u00e3o do som.Se nascer agora,\u00a0o beb\u00e9\u00a0j\u00e1 tem chance de sobreviver, contudo o sistema respirat\u00f3rio ainda est\u00e1 em desenvolvimento. Esperamos que ele fique a\u00ed dentro por v\u00e1rias semanas!! Ossos, m\u00fasculos e \u00f3rg\u00e3os apresentam crescimento est\u00e1vel. Os vasos sangu\u00edneos, ossos e \u00f3rg\u00e3os s\u00e3o vis\u00edveis sob uma fina membrana de pele transluscente, r\u00f3sea e enrugada.<\/p>\n","protected":false},"author":1,"featured_media":0,"comment_status":"open","ping_status":"open","sticky":false,"template":"","format":"standard","meta":{"pagelayer_contact_templates":[],"_pagelayer_content":"","footnotes":""},"categories":[606],"tags":[],"class_list":["post-21468","post","type-post","status-publish","format-standard","hentry","category-gravidez"],"_links":{"self":[{"href":"https:\/\/omeumaiorsonho.pt\/wp\/wp-json\/wp\/v2\/posts\/21468","targetHints":{"allow":["GET"]}}],"collection":[{"href":"https:\/\/omeumaiorsonho.pt\/wp\/wp-json\/wp\/v2\/posts"}],"about":[{"href":"https:\/\/omeumaiorsonho.pt\/wp\/wp-json\/wp\/v2\/types\/post"}],"author":[{"embeddable":true,"href":"https:\/\/omeumaiorsonho.pt\/wp\/wp-json\/wp\/v2\/users\/1"}],"replies":[{"embeddable":true,"href":"https:\/\/omeumaiorsonho.pt\/wp\/wp-json\/wp\/v2\/comments?post=21468"}],"version-history":[{"count":0,"href":"https:\/\/omeumaiorsonho.pt\/wp\/wp-json\/wp\/v2\/posts\/21468\/revisions"}],"wp:attachment":[{"href":"https:\/\/omeumaiorsonho.pt\/wp\/wp-json\/wp\/v2\/media?parent=21468"}],"wp:term":[{"taxonomy":"category","embeddable":true,"href":"https:\/\/omeumaiorsonho.pt\/wp\/wp-json\/wp\/v2\/categories?post=21468"},{"taxonomy":"post_tag","embeddable":true,"href":"https:\/\/omeumaiorsonho.pt\/wp\/wp-json\/wp\/v2\/tags?post=21468"}],"curies":[{"name":"wp","href":"https:\/\/api.w.org\/{rel}","templated":true}]}}