{"id":130331,"date":"2012-02-29T12:08:35","date_gmt":"2012-02-29T12:08:35","guid":{"rendered":"https:\/\/omeumaiorsonho.pt\/130331.html"},"modified":"2012-02-29T12:08:35","modified_gmt":"2012-02-29T12:08:35","slug":"o-carnaval-de-2012","status":"publish","type":"post","link":"https:\/\/omeumaiorsonho.pt\/wp\/2012\/02\/29\/o-carnaval-de-2012\/","title":{"rendered":"O Carnaval de 2012"},"content":{"rendered":"<p>N\u00e3o foi t\u00e3o empolgante como o de 2011 pois n\u00e3o basta o desfile ter sido demasiado &#8220;apagado&#8221; a Nono tb n\u00e3o\u00a0 achou piada nenhuma ao carnaval nem parecia ela pois sempre pensei que fosse pular, saltar etc, mas n\u00e3o esteve sempre com cara de poucos amigos e n\u00e3o gostou nadinha..<\/p>\n<p><\/p>\n<p>\u00a0<\/p>\n<p><\/p>\n<p>\u00a0<\/p>\n<p><\/p>\n<p>C\u00e1 vai a foto j\u00e1 um pouco atrasada<\/p>\n<p><\/p>\n<p>\u00a0<\/p>\n<p><\/p>\n<p><a class=\"saportelink\" href=\"http:\/\/fotos.sapo.pt\/rutecj\/fotos\/?uid=MEFbFjhAzJdN5e4DbdWH\"><img loading=\"lazy\" decoding=\"async\" style=\"border: 0px;\" src=\"http:\/\/c1.quickcachr.fotos.sapo.pt\/i\/B7a0835e5\/10447587_qdiGi.jpeg\" alt=\"\" width=\"375\" height=\"500\" \/><\/a><\/p>\n","protected":false},"excerpt":{"rendered":"<p>N\u00e3o foi t\u00e3o empolgante como o de 2011 pois n\u00e3o basta o desfile ter sido demasiado &#8220;apagado&#8221; a Nono tb n\u00e3o\u00a0 achou piada nenhuma ao carnaval nem parecia ela pois sempre pensei que fosse pular, saltar etc, mas n\u00e3o esteve sempre com cara de poucos amigos e n\u00e3o gostou nadinha.. \u00a0 \u00a0 C\u00e1 vai a foto j\u00e1 um pouco atrasada \u00a0<\/p>\n","protected":false},"author":1,"featured_media":0,"comment_status":"open","ping_status":"open","sticky":false,"template":"","format":"standard","meta":{"pagelayer_contact_templates":[],"_pagelayer_content":"","footnotes":""},"categories":[630],"tags":[],"class_list":["post-130331","post","type-post","status-publish","format-standard","hentry","category-carnaval"],"_links":{"self":[{"href":"https:\/\/omeumaiorsonho.pt\/wp\/wp-json\/wp\/v2\/posts\/130331","targetHints":{"allow":["GET"]}}],"collection":[{"href":"https:\/\/omeumaiorsonho.pt\/wp\/wp-json\/wp\/v2\/posts"}],"about":[{"href":"https:\/\/omeumaiorsonho.pt\/wp\/wp-json\/wp\/v2\/types\/post"}],"author":[{"embeddable":true,"href":"https:\/\/omeumaiorsonho.pt\/wp\/wp-json\/wp\/v2\/users\/1"}],"replies":[{"embeddable":true,"href":"https:\/\/omeumaiorsonho.pt\/wp\/wp-json\/wp\/v2\/comments?post=130331"}],"version-history":[{"count":0,"href":"https:\/\/omeumaiorsonho.pt\/wp\/wp-json\/wp\/v2\/posts\/130331\/revisions"}],"wp:attachment":[{"href":"https:\/\/omeumaiorsonho.pt\/wp\/wp-json\/wp\/v2\/media?parent=130331"}],"wp:term":[{"taxonomy":"category","embeddable":true,"href":"https:\/\/omeumaiorsonho.pt\/wp\/wp-json\/wp\/v2\/categories?post=130331"},{"taxonomy":"post_tag","embeddable":true,"href":"https:\/\/omeumaiorsonho.pt\/wp\/wp-json\/wp\/v2\/tags?post=130331"}],"curies":[{"name":"wp","href":"https:\/\/api.w.org\/{rel}","templated":true}]}}