{"id":1064502,"date":"2024-09-25T20:58:00","date_gmt":"2024-09-25T20:58:00","guid":{"rendered":"https:\/\/omeumaiorsonho.pt\/1064502.html"},"modified":"2024-09-25T20:58:00","modified_gmt":"2024-09-25T20:58:00","slug":"hello-autumn","status":"publish","type":"post","link":"https:\/\/omeumaiorsonho.pt\/wp\/2024\/09\/25\/hello-autumn\/","title":{"rendered":"Hello Autumn!"},"content":{"rendered":"<p style=\"text-align: center;\">O outono \u00e9 poesia em forma de esta\u00e7\u00e3o. &#x1f342;<\/p>\n<p><\/p>\n<p style=\"text-align: center;\">As folhas caem, mas o encanto permanece no ar.<\/p>\n<p><\/p>\n<p style=\"text-align: center;\">Adoro o cheiro do Outono&#8230;<\/p>\n<p><\/p>\n<p style=\"text-align: center;\">Adoro as cores do Outono&#8230;<\/p>\n<p><\/p>\n<p style=\"text-align: center;\">Adoro os frutos do Outono&#8230;<\/p>\n<p><\/p>\n<p style=\"text-align: center;\">Um ciclo se fecha para outro come\u00e7ar, nos lembrando que cada mudan\u00e7a tem sua beleza.<\/p>\n<p><\/p>\n<p class=\"sapomedia images\" style=\"text-align: center;\"><img loading=\"lazy\" decoding=\"async\" alt=\"20240925_004901_0000.png\" class=\"\" height=\"625\" src=\"https:\/\/fotos.web.sapo.io\/cloud\/thumb\/d031238d469bc9c5bc16e05ce247f725\/omeumaiorsonho\/2024\/20240925_004901_0000.png?size=l\" style=\"width: 625px; padding: 10px 10px;\" width=\"625\" \/><span><\/span><\/p>\n<p><\/p>\n<p class=\"sapomedia images\" style=\"text-align: center;\"><img loading=\"lazy\" decoding=\"async\" alt=\"20240925_005339_0000.png\" class=\"\" height=\"625\" src=\"https:\/\/fotos.web.sapo.io\/cloud\/thumb\/d031238d469bc9c5bc16e05ce247f725\/omeumaiorsonho\/2024\/20240925_005339_0000.png?size=l\" style=\"width: 625px; padding: 10px 10px;\" width=\"625\" \/><span><\/span><\/p>\n<p><\/p>\n<p class=\"sapomedia images\" style=\"text-align: center;\"><img loading=\"lazy\" decoding=\"async\" alt=\"20240925_004638_0000.png\" class=\"\" height=\"625\" src=\"https:\/\/fotos.web.sapo.io\/cloud\/thumb\/d031238d469bc9c5bc16e05ce247f725\/omeumaiorsonho\/2024\/20240925_004638_0000.png?size=l\" style=\"width: 625px; padding: 10px 10px;\" width=\"625\" \/><span><\/span><\/p>\n<p><\/p>\n<p style=\"text-align: center;\"><strong>Bem vindo Outono!\u00a0<\/strong><\/p>\n","protected":false},"excerpt":{"rendered":"<p>O outono \u00e9 poesia em forma de esta\u00e7\u00e3o. &#x1f342; As folhas caem, mas o encanto permanece no ar. Adoro o cheiro do Outono&#8230; Adoro as cores do Outono&#8230; Adoro os frutos do Outono&#8230; Um ciclo se fecha para outro come\u00e7ar, nos lembrando que cada mudan\u00e7a tem sua beleza. Bem vindo Outono!\u00a0<\/p>\n","protected":false},"author":1,"featured_media":0,"comment_status":"open","ping_status":"open","sticky":false,"template":"","format":"standard","meta":{"pagelayer_contact_templates":[],"_pagelayer_content":"","footnotes":""},"categories":[704,471,430],"tags":[],"class_list":["post-1064502","post","type-post","status-publish","format-standard","hentry","category-704","category-outono","category-outubro"],"_links":{"self":[{"href":"https:\/\/omeumaiorsonho.pt\/wp\/wp-json\/wp\/v2\/posts\/1064502","targetHints":{"allow":["GET"]}}],"collection":[{"href":"https:\/\/omeumaiorsonho.pt\/wp\/wp-json\/wp\/v2\/posts"}],"about":[{"href":"https:\/\/omeumaiorsonho.pt\/wp\/wp-json\/wp\/v2\/types\/post"}],"author":[{"embeddable":true,"href":"https:\/\/omeumaiorsonho.pt\/wp\/wp-json\/wp\/v2\/users\/1"}],"replies":[{"embeddable":true,"href":"https:\/\/omeumaiorsonho.pt\/wp\/wp-json\/wp\/v2\/comments?post=1064502"}],"version-history":[{"count":0,"href":"https:\/\/omeumaiorsonho.pt\/wp\/wp-json\/wp\/v2\/posts\/1064502\/revisions"}],"wp:attachment":[{"href":"https:\/\/omeumaiorsonho.pt\/wp\/wp-json\/wp\/v2\/media?parent=1064502"}],"wp:term":[{"taxonomy":"category","embeddable":true,"href":"https:\/\/omeumaiorsonho.pt\/wp\/wp-json\/wp\/v2\/categories?post=1064502"},{"taxonomy":"post_tag","embeddable":true,"href":"https:\/\/omeumaiorsonho.pt\/wp\/wp-json\/wp\/v2\/tags?post=1064502"}],"curies":[{"name":"wp","href":"https:\/\/api.w.org\/{rel}","templated":true}]}}