{"id":1052950,"date":"2024-08-09T00:16:00","date_gmt":"2024-08-09T00:16:00","guid":{"rendered":"https:\/\/omeumaiorsonho.pt\/1052950.html"},"modified":"2024-08-09T00:16:00","modified_gmt":"2024-08-09T00:16:00","slug":"pensamentos-2","status":"publish","type":"post","link":"https:\/\/omeumaiorsonho.pt\/wp\/2024\/08\/09\/pensamentos-2\/","title":{"rendered":"Pensamentos."},"content":{"rendered":"<p>&#x1f338; Por vezes sinto que n\u00e3o me consigo encaixar neste mundo de pessoas de alma pobre e cora\u00e7\u00e3o vazio. <\/p>\n<p>&#x1f338; Por vezes sinto que\u00a0 n\u00e3o me consigo encaixar neste mundo de pessoas mesquinhas que acham que s\u00e3o donas da raz\u00e3o.<\/p>\n<p><\/p>\n<p>&#x1f338; Por vezes sinto que n\u00e3o me consigo encaixar neste mundo onde cada um olha o seu pr\u00f3prio umbigo&#8230; um mundo sem afectos e amor onde o que mais interessa \u00e9\u00a0 a queda do outro.<\/p>\n<p><\/p>\n<p>\u00a0<\/p>\n<p><\/p>\n<p class=\"sapomedia images\"><img loading=\"lazy\" decoding=\"async\" alt=\"Screenshot_20240809_001519_Instagram.jpg\" height=\"737\" src=\"https:\/\/fotos.web.sapo.io\/cloud\/thumb\/d031238d469bc9c5bc16e05ce247f725\/omeumaiorsonho\/2024\/Screenshot_20240809_001519_Instagram.jpg?size=l\" style=\"width: 625px; padding: 10px 10px;\" width=\"625\" \/><span><\/span><\/p>\n<p><\/p>\n<p>\u00a0<\/p>\n<p><\/p>\n<p>\u00a0<\/p>\n","protected":false},"excerpt":{"rendered":"<p>&#x1f338; Por vezes sinto que n\u00e3o me consigo encaixar neste mundo de pessoas de alma pobre e cora\u00e7\u00e3o vazio. &#x1f338; Por vezes sinto que\u00a0 n\u00e3o me consigo encaixar neste mundo de pessoas mesquinhas que acham que s\u00e3o donas da raz\u00e3o. &#x1f338; Por vezes sinto que n\u00e3o me consigo encaixar neste mundo onde cada um olha o seu pr\u00f3prio umbigo&#8230; um mundo sem afectos e amor onde o que mais interessa \u00e9\u00a0 a queda do outro. \u00a0 \u00a0 \u00a0<\/p>\n","protected":false},"author":1,"featured_media":0,"comment_status":"open","ping_status":"open","sticky":false,"template":"","format":"standard","meta":{"pagelayer_contact_templates":[],"_pagelayer_content":"","footnotes":""},"categories":[589,236,79,365],"tags":[],"class_list":["post-1052950","post","type-post","status-publish","format-standard","hentry","category-detalhes","category-pensamentos","category-refleccoes","category-reflectir"],"_links":{"self":[{"href":"https:\/\/omeumaiorsonho.pt\/wp\/wp-json\/wp\/v2\/posts\/1052950","targetHints":{"allow":["GET"]}}],"collection":[{"href":"https:\/\/omeumaiorsonho.pt\/wp\/wp-json\/wp\/v2\/posts"}],"about":[{"href":"https:\/\/omeumaiorsonho.pt\/wp\/wp-json\/wp\/v2\/types\/post"}],"author":[{"embeddable":true,"href":"https:\/\/omeumaiorsonho.pt\/wp\/wp-json\/wp\/v2\/users\/1"}],"replies":[{"embeddable":true,"href":"https:\/\/omeumaiorsonho.pt\/wp\/wp-json\/wp\/v2\/comments?post=1052950"}],"version-history":[{"count":0,"href":"https:\/\/omeumaiorsonho.pt\/wp\/wp-json\/wp\/v2\/posts\/1052950\/revisions"}],"wp:attachment":[{"href":"https:\/\/omeumaiorsonho.pt\/wp\/wp-json\/wp\/v2\/media?parent=1052950"}],"wp:term":[{"taxonomy":"category","embeddable":true,"href":"https:\/\/omeumaiorsonho.pt\/wp\/wp-json\/wp\/v2\/categories?post=1052950"},{"taxonomy":"post_tag","embeddable":true,"href":"https:\/\/omeumaiorsonho.pt\/wp\/wp-json\/wp\/v2\/tags?post=1052950"}],"curies":[{"name":"wp","href":"https:\/\/api.w.org\/{rel}","templated":true}]}}